{"id":17677,"date":"2020-12-18T12:27:45","date_gmt":"2020-12-18T11:27:45","guid":{"rendered":"https:\/\/comune.santacroce.pi.it\/oldsite\/?p=17677"},"modified":"2021-02-22T12:29:15","modified_gmt":"2021-02-22T11:29:15","slug":"il-teatro-verdi-si-prepara-per-una-nuova-stagione-teatrale","status":"publish","type":"post","link":"https:\/\/comune.santacroce.pi.it\/oldsite\/il-teatro-verdi-si-prepara-per-una-nuova-stagione-teatrale\/","title":{"rendered":"Il Teatro Verdi si prepara per una nuova stagione teatrale"},"content":{"rendered":"<p>I teatri di tutta Italia sono ancora chiusi, cos\u00ec come molti altri luoghi della cultura: da tanti mesi ormai assistiamo alla sospensione delle attivit\u00e0 in presenza per tutto quello che ruota intorno allo spettacolo dal vivo, una sospensione dolorosa che ci auguriamo trovi fine a partire dal 15 gennaio, data in cui cesser\u00e0 di efficacia l\u2019ultimo dpcm firmato dal Presidente del Consiglio Conte. Nonostante questo siamo al lavoro da mesi per prepararci alla riapertura ed essere pronti a tirare di nuovo su il sipario appena le condizioni sanitarie permetteranno di avere norme meno stringenti. Grazie a questo lavoro oggi il Teatro Comunale Verdi \u00e8 in grado di annunciare la sua proposta di programmazione 2020\/2021, sostenuta dall&#8217;Amministrazione Comunale di Santa Croce sull\u2019Arno insieme alla Regione Toscana, nell\u2019ambito del progetto di <em>Residenza<\/em> della compagnia Giallo Mare Minimal Teatro,<strong> <\/strong>a Fondazione Toscana Spettacolo onlus, e per il Baule dei Sogni ai Comuni di Castelfranco di Sotto, Montopoli in Val d\u2019Arno, Santa Maria a Monte e San Miniato, oltre che da Unicoop Firenze.<\/p>\n<p>E\u2019 una programmazione importante, che segna la volont\u00e0 di non farsi trovare impreparati nel momento in cui le porte del teatro potranno riaprire al pubblico dopo lunghissimi mesi di inattivit\u00e0, un\u2019apertura che avevamo immaginato in uno scenario post pandemico, ma che cos\u00ec non sar\u00e0 e che quindi si \u00e8 dovuta adeguare, nei tempi e nei modi ad una situazione che \u00e8 cambiata molte volte e che non sappiamo se dovr\u00e0 cambiare ulteriormente nei prossimi mesi.<\/p>\n<p>Una programmazione speciale che intende essere un <em>trait d\u2019union<\/em> fra la programmazione 2019\/2020, bruscamente interrotta nel marzo scorso, e quella del 2021\/2022 che si auspica possa essere una stagione che riporti a una ritrovata normalit\u00e0.<\/p>\n<p>Sul palco ci saranno attori e attrici di primo piano come <strong>Ottavia Piccolo<\/strong>, <strong>Paolo Pierobon<\/strong>, <strong>Chiara Francini<\/strong>, <strong>Arianna Scommegna<\/strong>, <strong>Filippo Dini<\/strong>, <strong>Giuseppe Cederna<\/strong>, <strong>Vanessa Gravina<\/strong>, <strong>Roberto Valerio<\/strong>, <strong>Silvio Orlando<\/strong>.<\/p>\n<p>Questa mattina la stagione \u00e8 stata presentata a una conferenza stampa che si \u00e8 tenuta simbolicamente nello spazio antistante il teatro.<\/p>\n<p>\u201cSono molto felice di essere qui oggi a presentare la nostra offerta per il Teatro Verdi &#8211; dichiara il sindaco di Santa Croce sull\u2019Arno <strong>Giulia Deidda <\/strong>&#8211; perch\u00e9, cos\u00ec come \u00e8 successo per la programmazione di Villa Pacchiani e di tutti gli altri contenitori culturali, Santa Croce sull\u2019Arno non ha fermato la cultura, ma si \u00e8 presa il tempo per mettere a posto quello che dovevamo mettere a posto e per progettare nella maniera pi\u00f9 adeguata una programmazione che potesse al contempo essere sicura e garantire la migliore offerta culturale possibile, cercando di bilanciare opportunit\u00e0 e possibilit\u00e0, sempre nel rispetto di regole e protocolli. Non ci siamo mai fermati e dall\u2019estate in poi abbiamo costruito e ricostruito ipotesi di spettacoli, di attivit\u00e0, di strumenti nuovi e vecchi per poter riprendere il prima possibile un percorso che si era interrotto e per poter riallacciare il rapporto di fiducia con I nostri spettatori, grandi e piccini. Tra le cose da fare c\u2019era anche l\u2019adeguamento dell\u2019impianto di riscaldamento del nostro teatro, un investimento che coster\u00e0 intorno a 60.000 euro alla nostra Amministrazione, ma che non abbiamo esitato a mettere in campo: la gara \u00e8 gi\u00e0 stata espletata e proprio questa mattina l\u2019ufficio tecnico provveder\u00e0 alla consegna del cantiere. Non ci siamo sottratti alla responsabilit\u00e0 di non fermare la cultura e abbiamo trovato sulla stessa linea d\u2019onda i soggetti che da sempre sostengono con noi il teatro, prima fra tutte Fondazioni Toscana Spettacolo onlus, che oggi \u00e8 qui con noi, e che ringraziamo per aver impiegato risorse straordinarie sulla programmazione 2020\/21, grazie alle quali siamo riusciti nell\u2019obiettivo ambizioso di mettere insieme un cartellone, parlo per la stagione di prosa, ridotto nel numero degli spettacoli ma non nella qualit\u00e0 e a garantire le solite tariffe pur essendo costretti a ridurre notevolmente il numero dei posti disponibili per gli spettatori. Una sfida che abbiamo potuto vincere anche grazie a Unicoop Firenze che non si \u00e8 sottratta nel suo impegno di restare al fianco delle Amministrazioni che sostengono la cultura. Quest\u2019anno abbiamo scelto, inoltre, di sospendere eccezionalmente anche il meccanismo degli abbonamenti per dare spazio a tutti di acquistare i biglietti, singoli o a carnet, ma vogliamo rassicurare i vecchi abbonati che ripristineremo il loro diritto di prelazione nella prima stagione utile, che speriamo possa essere quella 2021\/22. Quest\u2019anno abbiamo pensato, inoltre, ad un momento sperimentale in cui sar\u00e0 portata in scena una produzione originale di Giallo Mare Minimal Teatro, \u201cLa Mappa infallibile\u201d che vedr\u00e0 Renzo Boldrini in un contatto diretto con un pubblico molto ristretto, un modo per regalare ai nostri spettatori qualcosa di esclusivo ma anche un\u2019opportunit\u00e0 per sperimentare modalit\u00e0 di fare teatro diverse da quelle a cui siamo abituati, a dimostrazione che le strade del teatro sono davvero infinite e che non si lasciano interrompere da nessuna difficolt\u00e0\u201d.<\/p>\n<p>\u201cDopo tanta preoccupazione finalmente siamo giunti al momento di un nuovo inizio, un momento ricco di soddisfazione perch\u00e9 alla fine quello che abbiamo messo in piedi non \u00e8 un programma di ripiego ma \u00e8 una piccola rivoluzione della nostra offerta teatrale, e mi riferisco soprattutto alla parte dedicata alle scuole e al pubblico dei bambini, perch\u00e9, come abbiamo imparato da questi mesi di grande sofferenza, una grande criticit\u00e0 pu\u00f2 diventare motivo di innesco di un grande processo creativo. E\u2019 quello che \u00e8 successo nei mesi scorsi con il Baule dei Sogni. Abbiamo tessuto e disfatto questa tela proprio come Penelope, ma alla fine quello che abbiamo messo a punto \u00e8 un progetto innovativo e versatile, pronto a fornire qualsiasi tipo di forma di teatro la situazione ci consentir\u00e0 di realizzare. Grazie al supporto di Fondazione Toscana Spettacolo e alla forza di un progetto che mette insieme una rete di cinque comuni siamo pronti ad offrire alle scuole un ventaglio di opportunit\u00e0 che va dagli spettacoli in presenza ai laboratori fatti con gli operatori a scuola, a quelli che sfruttano radio, tv e canali web, attraverso i quali i ragazzi potranno fare esperienze teatrali nuove dove non mancher\u00e0 la forza del linguaggio teatrale, la sperimentazione cio\u00e8 di qualcosa che unisce le diversit\u00e0 e rafforza le competenze trasversali. Credo che la sperimentazione forzosa di quest\u2019anno debba diventare un bagaglio di esperienza per dare nuova linfa anche nei prossimi anni, quando usare mezzi diversi potr\u00e0 finalmente essere una scelta e non un obbligo. Sono contenta che i Dirigenti dei sei Istituti Comprensivi che sono il nostro bacino di riferimento abbiamo supportato la nostra fase di progettazione, dimostrandosi attenti e ricettivi nei confronti della nostra offerta didattica. Quest\u2019anno arriva anche una collaborazione importante con la compagnia residente, che vedr\u00e0 l\u2019istituto Cattaneo \u201cfare scuola\u201d attraverso il teatro, un\u2019esigenza nata con il Covid che potrebbe diventare una buona pratica per il futuro.<\/p>\n<p>Abbiamo predisposto anche un piano di spettacoli in presenza sia per la sera, Stasera pago io, sia per il pomeriggio, i tradizionali sabato e domenica pomeriggio a Santa Maria a Monte e Santa Croce sull\u2019Arno, con la speranza di poterli mettere in scena. Ovviamente tutto sar\u00e0 modulato sulla base di situazioni e regole del momento, anche i contratti stipulati con le compagnie lasciano massima libert\u00e0 di rimodulazione. Appena sar\u00e0 possibile partiremo anche con i laboratori per adulti e ragazzi, che saranno uno strumento ancora pi\u00f9 importante in un momento in cui la socializzazione e l\u2019interazione fra le persone \u00e8 stata praticamente azzerata, chiaramente studieremo modalit\u00e0 e spazi che siano conformi con la sicurezza anti-covid. Avevamo solo da perdere dalla costruzione della programmazione 2020\/21 ma penso che alla fine il Teatro Verdi ne esca rafforzato e sono sicura che anche il nostro pubblico capir\u00e0 le scelte fatte.\u201d Queste le parole dell\u2019assessore alla cultura di Santa Croce sull\u2019Arno <strong>Elisa Bertelli<\/strong><strong>.<\/strong><\/p>\n<p>\u201cSiamo al fianco dell\u2019Amministrazione comunale di Santa Croce sull\u2019Arno nel riaffermare il nostro impegno nella diffusione di un\u2019offerta culturale di qualit\u00e0, che sia alla portata di tutti \u2013 ricorda la <strong>presidente della Fondazione Toscana Spettacolo onlus, Beatrice Magnolfi<\/strong> &#8211; I mesi estremamente difficili che stiamo attraversando devono servirci per porre le basi di una nuova stagione culturale e il lavoro che abbiamo portato avanti di concerto con l\u2019Amministrazione va proprio in questa direzione.<\/p>\n<p>L\u2019offerta che presentiamo, dalla Stagione di prosa alle iniziative come Il Baule dei sogni e Stasera pago io!, abbraccia ancora una volta pubblici diversificati, dagli adulti ai pi\u00f9 piccoli.<\/p>\n<p>Il settore dello spettacolo dal vivo, da sempre presidio di arricchimento e crescita per la comunit\u00e0, ha sofferto e sta soffrendo enormemente per le conseguenze della pandemia. Abbiamo sperimentato nuove modalit\u00e0 di fruizione e ci stiamo preparando ad un ritorno nei teatri in presenza, che auspichiamo possa avvenire presto nella massima sicurezza\u201d.<\/p>\n<p>\u201cPresentare una programmazione cos\u00ec ricca e diversificata \u2013 sottolinea il <strong>direttore della Fondazione Toscana Spettacolo onlus, Patrizia Coletta<\/strong> \u2013 rappresenta una sfida gratificante in un momento difficile come quello che tutti noi stiamo attraversando.<\/p>\n<p>Abbiamo condiviso fin dal primo momento gli obiettivi con l\u2019Amministrazione comunale di Santa Croce sull\u2019Arno ed abbiamo realizzato una stagione di prosa di qualit\u00e0 con autori e interpreti di altissimo livello.<\/p>\n<p>Da Dario Fo e Franca Rame, Stefano Massini, Ottavia Piccolo, Silvio Orlando sono solo alcuni dei grandi nomi che caratterizzano la stagione del Teatro Verdi.<\/p>\n<p>Non mancheranno, inoltre, i progetti dedicati alle scuole e al pubblico delle famiglie.<\/p>\n<p>Nonostante la crisi sanitaria, il mondo della cultura sta facendo la propria parte, in attesa che spettatori, artisti e lavoratori dello spettacolo dal vivo possano tornare presto ad incontrarsi e a condividere pensieri ed emozioni nei teatri\u201d.<\/p>\n<p>\u201cRingrazio non formalmente l&#8217;Amministrazione comunale di Santa Croce sull\u2019Arno, la Regione Toscana, Fts, gli altri quattro comuni della rete territoriale de Il Baule dei Sogni: Castelfranco di Sotto, Montopoli in Val d\u2019Arno, Santa Maria a Monte, San Miniato, la compagnia residente &#8211; afferma<strong> Renzo Boldrini<\/strong>, direttore del Teatro Verdi- perch\u00e9 in un tempo cos\u00ec incerto, annunciare un cos\u00ec importante programma di attivit\u00e0 teatrali, in presenza e da remoto, per cittadini di tutte le et\u00e0 dimostra quanto sia radicata in questi enti, soggetti la convinzione che la Cultura debba essere concepita come un servizio pubblico primario, un bene comune indispensabile alla crescita sociale delle comunit\u00e0.<\/p>\n<p>Il teatro Verdi, anche nei mesi di chiusura totale, e in questi pi\u00f9 recenti della chiusura al pubblico non ha mai smesso di essere un laboratorio di idee, immaginando strategie possibili per essere, in ogni circostanza, pronti per aprire le porte del nostro teatro ai cittadini di differenti generazioni che vogliono vedere o fare teatri, o essere in grado di immaginare tutto il territorio come una grande scena diffusa e interagire a distanza con bambini, famiglie, scuole, giovani e adulti utilizzando radio, social, tv\u201d.<\/p>\n<ul>\n<li><strong>La Stagione di prosa<\/strong><\/li>\n<\/ul>\n<p>&nbsp;<\/p>\n<p>Sono cinque gli spettacoli che animeranno la stagione di prosa del Verdi, si comincia <strong>domenica<\/strong><\/p>\n<p><strong>21 febbraio<\/strong> con <em><strong>Coppia aperta, quasi spalancata<\/strong><\/em> di Dario Fo e Franca Rame, che vede in scena la spumeggiante Chiara Francini e Alessandro Federico.<\/p>\n<p>Una classica commedia all\u2019italiana che racconta la tragicomica storia di una coppia di coniugi, figli del Sessantotto e del mutamento della coscienza civile del Bel paese. L\u2019evoluzione del matrimonio borghese \u00e8 vista alla luce delle riforme legislative degli anni Settanta e le trasformazioni dei nuclei familiari e del loro andamento dal punto di vista socio\/antropologico.<\/p>\n<p><strong>Marted\u00ec 9 marzo<\/strong> sar\u00e0 la volta di <em><strong>Eichmann<\/strong><\/em> di Stefano Massini.<\/p>\n<p>Il testo \u00e8 un atto unico di folgorante semplicit\u00e0: un\u2019intervista di Hannah Arendt a un uomo che incarna la traduzione della violenza in sistema, un dialogo teatrale di feroce potenza che racconta la carriera travolgente di Adolf Eichmann, il gerarca nazista responsabile di aver pianificato e strutturato lo sterminio di milioni di ebrei, arrestato in Argentina nel 1960 e tradotto in Israele per essere processato. Dal confronto prende forma una verit\u00e0 inquietante: Eichmann non \u00e8 affatto un mostro, bens\u00ec un uomo spaventosamente normale.<\/p>\n<p><strong>Marted\u00ec 30 marzo<\/strong> in scena <em><strong>Misery<\/strong><\/em> con Arianna Scommegna, Carlo Orlando e Filippo Dini, che cura anche la regia.<\/p>\n<p>Uno dei capolavori dello scrittore pi\u00f9 famoso al mondo, <em>Misery<\/em> \u00e8 l\u2019adattamento che William Goldman ha tratto dal film di Rob Reiner, di cui firm\u00f2 la sceneggiatura, a sua volta ispirato al romanzo di Stephen King. Una storia di orrore, claustrofobia e follia: un romanziere di successo incarcerato da una lettrice pazza che si rifiuta di accettare la morte del suo personaggio preferito, l\u2019eroina ottocentesca Misery.<\/p>\n<p><strong>Marted\u00ec 13 aprile<\/strong> un classico del teatro<em> <\/em>di Moli\u00e8re<em> Tartufo<\/em> con Giuseppe Cederna, Roberto Valerio e Vanessa Gravina.<em> <\/em>La trama del celebre capolavoro \u00e8 a tutti nota: il protagonista, emblema dell\u2019ipocrisia, indossa la maschera della devozione religiosa e della benevolenza per raggirare e tradire il suo sprovveduto e ingenuo benefattore Orgone.<\/p>\n<p>Ultimo appuntamento <strong>marted\u00ec 18 maggio<\/strong> con <em>La vita davanti a s\u00e9<\/em> con Silvio Orlando e la regia di Leo Muscato.<\/p>\n<p>Pubblicato nel 1975 e adattato per il cinema nel 1977, al centro di un discusso Premio Goncourt, <em>La vita davanti a s\u00e9 <\/em>di Romain Gary \u00e8 la storia di Mom\u00f2, bimbo arabo di dieci anni che vive nel quartiere multietnico di Belleville nella pensione di Madame Rosa, anziana ex prostituta ebrea che ora sbarca il lunario prendendosi cura degli \u201cincidenti sul lavoro\u201d delle colleghe pi\u00f9 giovani. Un romanzo commovente e ancora attualissimo, che racconta di vite sgangherate che vanno alla rovescia, ma anche di un\u2019improbabile storia d\u2019amore toccata dalla grazia.<\/p>\n<p>&nbsp;<\/p>\n<p>Inizio spettacoli ore 21.15, se non diversamente indicato<\/p>\n<ul>\n<li><strong>Il Baule dei sogni<\/strong><\/li>\n<\/ul>\n<p>&nbsp;<\/p>\n<p><em>Il Baule dei sogni<\/em> \u00e8 la prima rete teatrale di teatro per le nuove generazioni nata in Toscana, alla quale, oltre al comune di Santa Croce sull\u2019Arno, aderiscono i comuni di Castelfranco di Sotto, Montopoli Val d\u2019Arno, San Miniato e Santa Maria a Monte.<\/p>\n<p>Si tratta di una delle proposte di teatro per le nuove generazioni, che coinvolge compagnie selezionate nel panorama professionale pi\u00f9 qualificato del teatro per le nuove generazioni.<\/p>\n<p>Considerata l\u2019attuale situazione \u00e8 prevista una programmazione variegata e pronta a rispondere, in modo flessibile ed originale alle richieste e esigenze del pubblico.<\/p>\n<p>Nel rispetto delle limitazioni di pubblico si faranno delle rappresentazioni in presenza la domenica a Santa Croce e il sabato a Santa Maria a Monte e per le matin\u00e9e delle scuole.<\/p>\n<ul>\n<li><strong>Stasera pago io!<\/strong><\/li>\n<\/ul>\n<p>&nbsp;<\/p>\n<p>Decima edizione della rassegna dedicata alle famiglie <em><strong>Stasera pago io!<\/strong><\/em> un progetto speciale pensato e strutturato da Fondazione Toscana Spettacolo onlus e Giallo Mare Minimal Teatro.<\/p>\n<p>La tradizionale formula del <em>fantassegno<\/em> verr\u00e0 sostituita con giochi online, grazie ai quali i bambini potranno vincere i biglietti per portare a teatro i propri familiari.<\/p>\n<p>Il progetto mira a coinvolgere i bambini, le scuole e le famiglie, affinch\u00e9 il teatro sia vissuto non come un\u2019occasione speciale, ma come una necessit\u00e0, una buona abitudine per tutti.<\/p>\n<p><em>Stasera pago io<\/em>! propone quattro spettacoli in orario serale (ore 21), che si terranno fra febbraio e marzo 2021.<\/p>\n<ul>\n<li><strong>La formazione<\/strong><\/li>\n<\/ul>\n<p>&nbsp;<\/p>\n<p>Giallo Mare Minimal Teatro \u00e8 un\u2019agenzia formativa accreditata presso la Regione Toscana; da anni, esperti professionisti della scena operano sul territorio per formare nuovi attori. Al Teatro Verdi, da venti anni, \u00e8 attivo il laboratorio teatrale Achab, che si rivolge a giovani e adulti e utilizza il linguaggio teatrale come strumento di conoscenza delle proprie capacit\u00e0 comunicative e relazionali.<\/p>\n<p>Da gennaio riprenderanno i laboratori teatrali per bambini, adolescenti e adulti.<\/p>\n<p>Per le secondarie superiori ci sar\u00e0 un progetto speciale \u201cFormazione scuola\u201d per il quale \u00e8 previsto l&#8217;utilizzo del Verdi come vera e propria aula scolastica dove due classi, dall&#8217;appello fino al suono dell&#8217;ultima campanella, studiano Pirandello o Dante, vedendo performance appositamente prodotte per questo progetto, sperimentando direttamente il gioco teatrale tramite alcuni esercizi di base o ascoltando vere e proprie lezioni sulla storia del teatro. Questa azione \u00e8 in collaborazione con l\u2019istituto Cattaneo di San Miniato.<\/p>\n<ul>\n<li><strong>Anteprima<\/strong><\/li>\n<\/ul>\n<p>&nbsp;<\/p>\n<p>Prima dell\u2019inaugurazione della stagione teatrale la compagnia residente Giallo Mare Minimal Teatro offrir\u00e0 al pubblico uno spettacolo di bentornato per festeggiare la riapertura del teatro: <strong>Renzo Boldrini<\/strong>, direttore storico del teatro Verdi, sar\u00e0 protagonista di <em><strong>La mappa infallibile<\/strong><\/em> una performance da lui scritta, accompagnato da un musicista e da una disegnatrice.<\/p>\n<ul>\n<li><strong>Novit\u00e0<\/strong><\/li>\n<\/ul>\n<p>&nbsp;<\/p>\n<p>Ci sono novit\u00e0 importanti in arrivo per il pubblico pi\u00f9 giovane. Giallo Mare Minimal Teatro avvier\u00e0 una serie di azioni a distanza da realizzare con il coinvolgimento di alunni, studenti e insegnanti, collegando la creativit\u00e0 teatrale con alcuni media come la radio, la televisione e i social per realizzare radiodrammi, video e altre produzioni multimediali.<\/p>\n<ul>\n<li><strong>Carnet e biglietti<\/strong><\/li>\n<\/ul>\n<hr \/>\n<h4>I prezzi:<\/h4>\n<p><strong>Per la Prosa<\/strong><\/p>\n<p>carnet: intero \u20ac 80, ridotto \u20ac 70;<\/p>\n<p>biglietti platea e palchi: intero \u20ac 20, ridotti \u20ac 16<\/p>\n<p>Biglietto under 35 <em>biglietto futuro<\/em> \u20ac 8 in collaborazione con Unicoop Firenze.<\/p>\n<p>Per i soci Coop \u00e8 attiva la promozione \u201cmille punti mille emozioni\u201d con prezzo del biglietto \u20ac 10.<\/p>\n<p>&nbsp;<\/p>\n<p>Previste riduzioni per under 26 e over 65 anni, portatori di handicap o soggetti con invalidit\u00e0 riconosciute, per soci Arci, Acli, Endas, Fenalc e Agesci e Soci Unicoop Firenze e per possessori di Carta Giovani; carta Studente della Toscana biglietto ridotto \u20ac 8 studenti universitari.<\/p>\n<p>L\u2019inizio della vendita dei carnet e dei biglietti inizier\u00e0 nel mese di gennaio 2021.<\/p>\n<p>&nbsp;<\/p>\n<p><strong>Per il Il Baule dei Sogni<\/strong><\/p>\n<p>adulti \u20ac 4.50, bambini \u20ac 3.00<\/p>\n<hr \/>\n<p><strong>Info<\/strong>:<\/p>\n<p>Comune di Santa Croce sull\u2019Arno tel. 0571\/389853 &#8211; 0571\/30642- <u><a href=\"https:\/\/comune.santacroce.pi.it\/oldsite\/\" target=\"_blank\" rel=\"noopener\">www.comune.santacroce.pi.it<\/a><\/u>;<\/p>\n<p>Giallo Mare Minimal Teatro 0571\/81629 \u2013 <u><a href=\"mailto:info@giallomare.it\">info@giallomare.it<\/a><\/u>;<\/p>\n<p>&nbsp;<\/p>\n<div class=\"col-lg-8 col-md-8\">\n<div class=\"col-padded col-same-height\">\n<div class=\"row gutter\">\n<div class=\"col-lg-12 col-md-12\">\n<div class=\"body\">\n<p><strong>Fonte<\/strong>: Ufficio Comunicazione Comune di Santa Croce sull&#8217;Arno<\/p>\n<\/div>\n<\/div>\n<\/div>\n<\/div>\n<\/div>\n","protected":false},"excerpt":{"rendered":"<p>I teatri di tutta Italia sono ancora chiusi, cos\u00ec come molti altri luoghi della cultura: da tanti mesi ormai assistiamo alla sospensione delle attivit\u00e0 in presenza per tutto quello che [&hellip;]<\/p>\n","protected":false},"author":10,"featured_media":13432,"comment_status":"closed","ping_status":"closed","sticky":false,"template":"","format":"standard","meta":{"footnotes":""},"categories":[154],"tags":[],"class_list":["post-17677","post","type-post","status-publish","format-standard","has-post-thumbnail","hentry","category-cultura"],"yoast_head":"<!-- This site is optimized with the Yoast SEO plugin v24.7 - https:\/\/yoast.com\/wordpress\/plugins\/seo\/ -->\n<title>Il Teatro Verdi si prepara per una nuova stagione teatrale - Comune di Santa Croce sull&#039;Arno<\/title>\n<meta name=\"robots\" content=\"index, follow, max-snippet:-1, max-image-preview:large, max-video-preview:-1\" \/>\n<link rel=\"canonical\" href=\"https:\/\/comune.santacroce.pi.it\/oldsite\/il-teatro-verdi-si-prepara-per-una-nuova-stagione-teatrale\/\" \/>\n<meta property=\"og:locale\" content=\"it_IT\" \/>\n<meta property=\"og:type\" content=\"article\" \/>\n<meta property=\"og:title\" content=\"Il Teatro Verdi si prepara per una nuova stagione teatrale - Comune di Santa Croce sull&#039;Arno\" \/>\n<meta property=\"og:description\" content=\"I teatri di tutta Italia sono ancora chiusi, cos\u00ec come molti altri luoghi della cultura: da tanti mesi ormai assistiamo alla sospensione delle attivit\u00e0 in presenza per tutto quello che [&hellip;]\" \/>\n<meta property=\"og:url\" content=\"https:\/\/comune.santacroce.pi.it\/oldsite\/il-teatro-verdi-si-prepara-per-una-nuova-stagione-teatrale\/\" \/>\n<meta property=\"og:site_name\" content=\"Comune di Santa Croce sull&#039;Arno\" \/>\n<meta property=\"article:published_time\" content=\"2020-12-18T11:27:45+00:00\" \/>\n<meta property=\"article:modified_time\" content=\"2021-02-22T11:29:15+00:00\" \/>\n<meta property=\"og:image\" content=\"https:\/\/comune.santacroce.pi.it\/oldsite\/wp-content\/uploads\/2018\/02\/CULTURA.png\" \/>\n\t<meta property=\"og:image:width\" content=\"800\" \/>\n\t<meta property=\"og:image:height\" content=\"600\" \/>\n\t<meta property=\"og:image:type\" content=\"image\/png\" \/>\n<meta name=\"author\" content=\"gestore\" \/>\n<meta name=\"twitter:card\" content=\"summary_large_image\" \/>\n<meta name=\"twitter:label1\" content=\"Scritto da\" \/>\n\t<meta name=\"twitter:data1\" content=\"gestore\" \/>\n\t<meta name=\"twitter:label2\" content=\"Tempo di lettura stimato\" \/>\n\t<meta name=\"twitter:data2\" content=\"14 minuti\" \/>\n<script type=\"application\/ld+json\" class=\"yoast-schema-graph\">{\"@context\":\"https:\/\/schema.org\",\"@graph\":[{\"@type\":\"Article\",\"@id\":\"https:\/\/comune.santacroce.pi.it\/oldsite\/il-teatro-verdi-si-prepara-per-una-nuova-stagione-teatrale\/#article\",\"isPartOf\":{\"@id\":\"https:\/\/comune.santacroce.pi.it\/oldsite\/il-teatro-verdi-si-prepara-per-una-nuova-stagione-teatrale\/\"},\"author\":{\"name\":\"gestore\",\"@id\":\"https:\/\/comune.santacroce.pi.it\/oldsite\/#\/schema\/person\/5212fa237eb523c5c88b1f51cae14ae4\"},\"headline\":\"Il Teatro Verdi si prepara per una nuova stagione teatrale\",\"datePublished\":\"2020-12-18T11:27:45+00:00\",\"dateModified\":\"2021-02-22T11:29:15+00:00\",\"mainEntityOfPage\":{\"@id\":\"https:\/\/comune.santacroce.pi.it\/oldsite\/il-teatro-verdi-si-prepara-per-una-nuova-stagione-teatrale\/\"},\"wordCount\":2848,\"publisher\":{\"@id\":\"https:\/\/comune.santacroce.pi.it\/oldsite\/#organization\"},\"image\":{\"@id\":\"https:\/\/comune.santacroce.pi.it\/oldsite\/il-teatro-verdi-si-prepara-per-una-nuova-stagione-teatrale\/#primaryimage\"},\"thumbnailUrl\":\"https:\/\/comune.santacroce.pi.it\/oldsite\/wp-content\/uploads\/2018\/02\/CULTURA.png\",\"articleSection\":[\"Cultura\"],\"inLanguage\":\"it-IT\"},{\"@type\":\"WebPage\",\"@id\":\"https:\/\/comune.santacroce.pi.it\/oldsite\/il-teatro-verdi-si-prepara-per-una-nuova-stagione-teatrale\/\",\"url\":\"https:\/\/comune.santacroce.pi.it\/oldsite\/il-teatro-verdi-si-prepara-per-una-nuova-stagione-teatrale\/\",\"name\":\"Il Teatro Verdi si prepara per una nuova stagione teatrale - Comune di Santa Croce sull&#039;Arno\",\"isPartOf\":{\"@id\":\"https:\/\/comune.santacroce.pi.it\/oldsite\/#website\"},\"primaryImageOfPage\":{\"@id\":\"https:\/\/comune.santacroce.pi.it\/oldsite\/il-teatro-verdi-si-prepara-per-una-nuova-stagione-teatrale\/#primaryimage\"},\"image\":{\"@id\":\"https:\/\/comune.santacroce.pi.it\/oldsite\/il-teatro-verdi-si-prepara-per-una-nuova-stagione-teatrale\/#primaryimage\"},\"thumbnailUrl\":\"https:\/\/comune.santacroce.pi.it\/oldsite\/wp-content\/uploads\/2018\/02\/CULTURA.png\",\"datePublished\":\"2020-12-18T11:27:45+00:00\",\"dateModified\":\"2021-02-22T11:29:15+00:00\",\"breadcrumb\":{\"@id\":\"https:\/\/comune.santacroce.pi.it\/oldsite\/il-teatro-verdi-si-prepara-per-una-nuova-stagione-teatrale\/#breadcrumb\"},\"inLanguage\":\"it-IT\",\"potentialAction\":[{\"@type\":\"ReadAction\",\"target\":[\"https:\/\/comune.santacroce.pi.it\/oldsite\/il-teatro-verdi-si-prepara-per-una-nuova-stagione-teatrale\/\"]}]},{\"@type\":\"ImageObject\",\"inLanguage\":\"it-IT\",\"@id\":\"https:\/\/comune.santacroce.pi.it\/oldsite\/il-teatro-verdi-si-prepara-per-una-nuova-stagione-teatrale\/#primaryimage\",\"url\":\"https:\/\/comune.santacroce.pi.it\/oldsite\/wp-content\/uploads\/2018\/02\/CULTURA.png\",\"contentUrl\":\"https:\/\/comune.santacroce.pi.it\/oldsite\/wp-content\/uploads\/2018\/02\/CULTURA.png\",\"width\":800,\"height\":600},{\"@type\":\"BreadcrumbList\",\"@id\":\"https:\/\/comune.santacroce.pi.it\/oldsite\/il-teatro-verdi-si-prepara-per-una-nuova-stagione-teatrale\/#breadcrumb\",\"itemListElement\":[{\"@type\":\"ListItem\",\"position\":1,\"name\":\"Home\",\"item\":\"https:\/\/comune.santacroce.pi.it\/oldsite\/\"},{\"@type\":\"ListItem\",\"position\":2,\"name\":\"Il Teatro Verdi si prepara per una nuova stagione teatrale\"}]},{\"@type\":\"WebSite\",\"@id\":\"https:\/\/comune.santacroce.pi.it\/oldsite\/#website\",\"url\":\"https:\/\/comune.santacroce.pi.it\/oldsite\/\",\"name\":\"Comune di Santa Croce sull&#039;Arno\",\"description\":\"Provincia di Pisa\",\"publisher\":{\"@id\":\"https:\/\/comune.santacroce.pi.it\/oldsite\/#organization\"},\"potentialAction\":[{\"@type\":\"SearchAction\",\"target\":{\"@type\":\"EntryPoint\",\"urlTemplate\":\"https:\/\/comune.santacroce.pi.it\/oldsite\/?s={search_term_string}\"},\"query-input\":{\"@type\":\"PropertyValueSpecification\",\"valueRequired\":true,\"valueName\":\"search_term_string\"}}],\"inLanguage\":\"it-IT\"},{\"@type\":\"Organization\",\"@id\":\"https:\/\/comune.santacroce.pi.it\/oldsite\/#organization\",\"name\":\"Comune di Santa Croce sull'Arno\",\"url\":\"https:\/\/comune.santacroce.pi.it\/oldsite\/\",\"logo\":{\"@type\":\"ImageObject\",\"inLanguage\":\"it-IT\",\"@id\":\"https:\/\/comune.santacroce.pi.it\/oldsite\/#\/schema\/logo\/image\/\",\"url\":\"https:\/\/comune.santacroce.pi.it\/oldsite\/wp-content\/uploads\/2021\/02\/cropped-Stemma-Santa-Croce-dellArno_500-1.png\",\"contentUrl\":\"https:\/\/comune.santacroce.pi.it\/oldsite\/wp-content\/uploads\/2021\/02\/cropped-Stemma-Santa-Croce-dellArno_500-1.png\",\"width\":500,\"height\":500,\"caption\":\"Comune di Santa Croce sull'Arno\"},\"image\":{\"@id\":\"https:\/\/comune.santacroce.pi.it\/oldsite\/#\/schema\/logo\/image\/\"}},{\"@type\":\"Person\",\"@id\":\"https:\/\/comune.santacroce.pi.it\/oldsite\/#\/schema\/person\/5212fa237eb523c5c88b1f51cae14ae4\",\"name\":\"gestore\",\"image\":{\"@type\":\"ImageObject\",\"inLanguage\":\"it-IT\",\"@id\":\"https:\/\/comune.santacroce.pi.it\/oldsite\/#\/schema\/person\/image\/\",\"url\":\"https:\/\/secure.gravatar.com\/avatar\/0759b03a30f73df39010a5fcb1380615?s=96&d=mm&r=g\",\"contentUrl\":\"https:\/\/secure.gravatar.com\/avatar\/0759b03a30f73df39010a5fcb1380615?s=96&d=mm&r=g\",\"caption\":\"gestore\"},\"url\":\"https:\/\/comune.santacroce.pi.it\/oldsite\/author\/gestore\/\"}]}<\/script>\n<!-- \/ Yoast SEO plugin. -->","yoast_head_json":{"title":"Il Teatro Verdi si prepara per una nuova stagione teatrale - Comune di Santa Croce sull&#039;Arno","robots":{"index":"index","follow":"follow","max-snippet":"max-snippet:-1","max-image-preview":"max-image-preview:large","max-video-preview":"max-video-preview:-1"},"canonical":"https:\/\/comune.santacroce.pi.it\/oldsite\/il-teatro-verdi-si-prepara-per-una-nuova-stagione-teatrale\/","og_locale":"it_IT","og_type":"article","og_title":"Il Teatro Verdi si prepara per una nuova stagione teatrale - Comune di Santa Croce sull&#039;Arno","og_description":"I teatri di tutta Italia sono ancora chiusi, cos\u00ec come molti altri luoghi della cultura: da tanti mesi ormai assistiamo alla sospensione delle attivit\u00e0 in presenza per tutto quello che [&hellip;]","og_url":"https:\/\/comune.santacroce.pi.it\/oldsite\/il-teatro-verdi-si-prepara-per-una-nuova-stagione-teatrale\/","og_site_name":"Comune di Santa Croce sull&#039;Arno","article_published_time":"2020-12-18T11:27:45+00:00","article_modified_time":"2021-02-22T11:29:15+00:00","og_image":[{"width":800,"height":600,"url":"https:\/\/comune.santacroce.pi.it\/oldsite\/wp-content\/uploads\/2018\/02\/CULTURA.png","type":"image\/png"}],"author":"gestore","twitter_card":"summary_large_image","twitter_misc":{"Scritto da":"gestore","Tempo di lettura stimato":"14 minuti"},"schema":{"@context":"https:\/\/schema.org","@graph":[{"@type":"Article","@id":"https:\/\/comune.santacroce.pi.it\/oldsite\/il-teatro-verdi-si-prepara-per-una-nuova-stagione-teatrale\/#article","isPartOf":{"@id":"https:\/\/comune.santacroce.pi.it\/oldsite\/il-teatro-verdi-si-prepara-per-una-nuova-stagione-teatrale\/"},"author":{"name":"gestore","@id":"https:\/\/comune.santacroce.pi.it\/oldsite\/#\/schema\/person\/5212fa237eb523c5c88b1f51cae14ae4"},"headline":"Il Teatro Verdi si prepara per una nuova stagione teatrale","datePublished":"2020-12-18T11:27:45+00:00","dateModified":"2021-02-22T11:29:15+00:00","mainEntityOfPage":{"@id":"https:\/\/comune.santacroce.pi.it\/oldsite\/il-teatro-verdi-si-prepara-per-una-nuova-stagione-teatrale\/"},"wordCount":2848,"publisher":{"@id":"https:\/\/comune.santacroce.pi.it\/oldsite\/#organization"},"image":{"@id":"https:\/\/comune.santacroce.pi.it\/oldsite\/il-teatro-verdi-si-prepara-per-una-nuova-stagione-teatrale\/#primaryimage"},"thumbnailUrl":"https:\/\/comune.santacroce.pi.it\/oldsite\/wp-content\/uploads\/2018\/02\/CULTURA.png","articleSection":["Cultura"],"inLanguage":"it-IT"},{"@type":"WebPage","@id":"https:\/\/comune.santacroce.pi.it\/oldsite\/il-teatro-verdi-si-prepara-per-una-nuova-stagione-teatrale\/","url":"https:\/\/comune.santacroce.pi.it\/oldsite\/il-teatro-verdi-si-prepara-per-una-nuova-stagione-teatrale\/","name":"Il Teatro Verdi si prepara per una nuova stagione teatrale - Comune di Santa Croce sull&#039;Arno","isPartOf":{"@id":"https:\/\/comune.santacroce.pi.it\/oldsite\/#website"},"primaryImageOfPage":{"@id":"https:\/\/comune.santacroce.pi.it\/oldsite\/il-teatro-verdi-si-prepara-per-una-nuova-stagione-teatrale\/#primaryimage"},"image":{"@id":"https:\/\/comune.santacroce.pi.it\/oldsite\/il-teatro-verdi-si-prepara-per-una-nuova-stagione-teatrale\/#primaryimage"},"thumbnailUrl":"https:\/\/comune.santacroce.pi.it\/oldsite\/wp-content\/uploads\/2018\/02\/CULTURA.png","datePublished":"2020-12-18T11:27:45+00:00","dateModified":"2021-02-22T11:29:15+00:00","breadcrumb":{"@id":"https:\/\/comune.santacroce.pi.it\/oldsite\/il-teatro-verdi-si-prepara-per-una-nuova-stagione-teatrale\/#breadcrumb"},"inLanguage":"it-IT","potentialAction":[{"@type":"ReadAction","target":["https:\/\/comune.santacroce.pi.it\/oldsite\/il-teatro-verdi-si-prepara-per-una-nuova-stagione-teatrale\/"]}]},{"@type":"ImageObject","inLanguage":"it-IT","@id":"https:\/\/comune.santacroce.pi.it\/oldsite\/il-teatro-verdi-si-prepara-per-una-nuova-stagione-teatrale\/#primaryimage","url":"https:\/\/comune.santacroce.pi.it\/oldsite\/wp-content\/uploads\/2018\/02\/CULTURA.png","contentUrl":"https:\/\/comune.santacroce.pi.it\/oldsite\/wp-content\/uploads\/2018\/02\/CULTURA.png","width":800,"height":600},{"@type":"BreadcrumbList","@id":"https:\/\/comune.santacroce.pi.it\/oldsite\/il-teatro-verdi-si-prepara-per-una-nuova-stagione-teatrale\/#breadcrumb","itemListElement":[{"@type":"ListItem","position":1,"name":"Home","item":"https:\/\/comune.santacroce.pi.it\/oldsite\/"},{"@type":"ListItem","position":2,"name":"Il Teatro Verdi si prepara per una nuova stagione teatrale"}]},{"@type":"WebSite","@id":"https:\/\/comune.santacroce.pi.it\/oldsite\/#website","url":"https:\/\/comune.santacroce.pi.it\/oldsite\/","name":"Comune di Santa Croce sull&#039;Arno","description":"Provincia di Pisa","publisher":{"@id":"https:\/\/comune.santacroce.pi.it\/oldsite\/#organization"},"potentialAction":[{"@type":"SearchAction","target":{"@type":"EntryPoint","urlTemplate":"https:\/\/comune.santacroce.pi.it\/oldsite\/?s={search_term_string}"},"query-input":{"@type":"PropertyValueSpecification","valueRequired":true,"valueName":"search_term_string"}}],"inLanguage":"it-IT"},{"@type":"Organization","@id":"https:\/\/comune.santacroce.pi.it\/oldsite\/#organization","name":"Comune di Santa Croce sull'Arno","url":"https:\/\/comune.santacroce.pi.it\/oldsite\/","logo":{"@type":"ImageObject","inLanguage":"it-IT","@id":"https:\/\/comune.santacroce.pi.it\/oldsite\/#\/schema\/logo\/image\/","url":"https:\/\/comune.santacroce.pi.it\/oldsite\/wp-content\/uploads\/2021\/02\/cropped-Stemma-Santa-Croce-dellArno_500-1.png","contentUrl":"https:\/\/comune.santacroce.pi.it\/oldsite\/wp-content\/uploads\/2021\/02\/cropped-Stemma-Santa-Croce-dellArno_500-1.png","width":500,"height":500,"caption":"Comune di Santa Croce sull'Arno"},"image":{"@id":"https:\/\/comune.santacroce.pi.it\/oldsite\/#\/schema\/logo\/image\/"}},{"@type":"Person","@id":"https:\/\/comune.santacroce.pi.it\/oldsite\/#\/schema\/person\/5212fa237eb523c5c88b1f51cae14ae4","name":"gestore","image":{"@type":"ImageObject","inLanguage":"it-IT","@id":"https:\/\/comune.santacroce.pi.it\/oldsite\/#\/schema\/person\/image\/","url":"https:\/\/secure.gravatar.com\/avatar\/0759b03a30f73df39010a5fcb1380615?s=96&d=mm&r=g","contentUrl":"https:\/\/secure.gravatar.com\/avatar\/0759b03a30f73df39010a5fcb1380615?s=96&d=mm&r=g","caption":"gestore"},"url":"https:\/\/comune.santacroce.pi.it\/oldsite\/author\/gestore\/"}]}},"jetpack_featured_media_url":"https:\/\/comune.santacroce.pi.it\/oldsite\/wp-content\/uploads\/2018\/02\/CULTURA.png","meta_box":{"comunicacity_sync":"","cc4_urg_colore":"","cc4_urg_data_inizio":"","cc4_urg_data_fine":"","cc4_cor_positivi_oggi":"","cc4_cor_negativizzati_oggi":"","cc4_cor_deceduti_oggi":"","cc4_cor_positivi_totali":"","cc4_cor_negativizzati_totali":"","cc4_cor_deceduti_totali":"","cc4_cor_attualmente_positivi":"","cc4_eve_data_inizio":"","cc4_eve_data_fine":"","cc4_eve_indirizzo":"","cc4_eve_posizione":{"latitude":"","longitude":"","zoom":""},"cc4_eve_telefono":"","cc4_eve_email":"","cc4_eve_web":"","cc4_eve_fb":""},"_links":{"self":[{"href":"https:\/\/comune.santacroce.pi.it\/oldsite\/wp-json\/wp\/v2\/posts\/17677","targetHints":{"allow":["GET"]}}],"collection":[{"href":"https:\/\/comune.santacroce.pi.it\/oldsite\/wp-json\/wp\/v2\/posts"}],"about":[{"href":"https:\/\/comune.santacroce.pi.it\/oldsite\/wp-json\/wp\/v2\/types\/post"}],"author":[{"embeddable":true,"href":"https:\/\/comune.santacroce.pi.it\/oldsite\/wp-json\/wp\/v2\/users\/10"}],"replies":[{"embeddable":true,"href":"https:\/\/comune.santacroce.pi.it\/oldsite\/wp-json\/wp\/v2\/comments?post=17677"}],"version-history":[{"count":0,"href":"https:\/\/comune.santacroce.pi.it\/oldsite\/wp-json\/wp\/v2\/posts\/17677\/revisions"}],"wp:featuredmedia":[{"embeddable":true,"href":"https:\/\/comune.santacroce.pi.it\/oldsite\/wp-json\/wp\/v2\/media\/13432"}],"wp:attachment":[{"href":"https:\/\/comune.santacroce.pi.it\/oldsite\/wp-json\/wp\/v2\/media?parent=17677"}],"wp:term":[{"taxonomy":"category","embeddable":true,"href":"https:\/\/comune.santacroce.pi.it\/oldsite\/wp-json\/wp\/v2\/categories?post=17677"},{"taxonomy":"post_tag","embeddable":true,"href":"https:\/\/comune.santacroce.pi.it\/oldsite\/wp-json\/wp\/v2\/tags?post=17677"}],"curies":[{"name":"wp","href":"https:\/\/api.w.org\/{rel}","templated":true}]}}