{"id":17675,"date":"2020-12-11T12:26:34","date_gmt":"2020-12-11T11:26:34","guid":{"rendered":"https:\/\/comune.santacroce.pi.it\/oldsite\/?p=17675"},"modified":"2021-02-22T12:27:24","modified_gmt":"2021-02-22T11:27:24","slug":"progetto-di-riqualificazione-di-piazza-garibaldi","status":"publish","type":"post","link":"https:\/\/comune.santacroce.pi.it\/oldsite\/progetto-di-riqualificazione-di-piazza-garibaldi\/","title":{"rendered":"Progetto di riqualificazione di Piazza Garibaldi"},"content":{"rendered":"<p class=\"rtejustify\">Oggi siamo a presentare un progetto che ci rende molto orgogliosi, soprattutto per il percorso che ci ha portato a questa conclusione e che ha visto lavorare insieme tutti gli attori che da anni hanno a cuore il centro storico; un progetto che si identifica come un ulteriore tassello di un piano pi\u00f9 vasto, che inizia nel 2006 e che attraverso gli interventi su Piazza Matteotti e la viabilit\u00e0 di via Roma, la riqualificazione del teatro e della facciata della biblioteca, guarda ad un piano organico di miglioramento della qualit\u00e0 urbana del nostro centro storico volto alla valorizzazione del tessuto urbano e commerciale. I soggetti promotori del progetto, che hanno lavorato di fianco all\u2019Amministrazione comunale sono Confcommercio Provincia di Pisa, rappresentata dal direttore Federico Pieragnoli, e il nostro Centro Commerciale Naturale, rappresentato dalla presidente Laura Bilanceri che hanno dato un contributo fattivo nella condivisione delle soluzioni progettuali che meglio potevano valorizzare il cuore del centro storico del nostro paese. In questa sede ringraziamo gli architetti Alberto Pellegrini e Federico Puliti che hanno realizzato il progetto a titolo gratuito. Un ulteriore valore aggiunto \u00e8 la partecipazione economica al progetto anche da parte di un privato, la conceria Tuscania Spa, di Francesco e Azzurra Giannoni, un intervento che si inserisce in un percorso che sul centro storico che l\u2019azienda ha gi\u00e0 intrapreso da tempo.<\/p>\n<p class=\"rtejustify\">Il progetto riguarda interventi sia su piazza Garibaldi sia su via Turi e prevede sostanzialmente per la piazza piccole aggiunte rispetto alla precedente riqualificazione del 2006\/2007 oltre alla sostituzione degli elementi di arredo urbano; relativamente a Via Turi, per la parte che fiancheggia la piazza, si prevede il completamento di quanto previsto nel 2006 e rimasto irrealizzato.<\/p>\n<p class=\"rtejustify\">Nello specifico si andranno a realizzare le seguenti opere:<\/p>\n<p class=\"rtejustify\"><strong>Piazza Garibaldi:<\/strong> i lavori previsti hanno l\u2019obiettivo di andare in continuit\u00e0 con il recente intervento di riqualificazione, integrandolo e rendendolo coerente con le scelte fatte per piazza Matteotti. Verranno sostituiti gli elementi di arredo urbano andando a realizzare con le panchine nuove (undici) delle zone di aggregazione che avranno anche la funzione di impedire l\u2019accesso alla piazza ai veicoli. I nuovi arredi saranno organizzati intorno a quattro essenze arboree (lecci) che saranno un elemento visivo e caratteristico importante per la nuova piazza, per le quali sar\u00e0 necessario realizzare quattro piccole vasche con annesso sistema di irrigazione e di illuminazione. Sar\u00e0 realizzato un sistema di illuminazione nuovo, che andr\u00e0 ad interessare anche la facciata della Collegiata di San Lorenzo e tutto corso Mazzini.<\/p>\n<p class=\"rtejustify\"><strong>Via Turi:<\/strong> I lavori andranno a completare il progetto del 2006 e prevedono la rimozione dell\u2019attuale asfalto per realizzare una finitura, definita pavimentazione \u201cNatura\u201d, identica a quella presente nella contigua via Pipparelli.<\/p>\n<p class=\"rtejustify\">L\u2019importo complessivo del progetto, che prevede quindi impianti di illuminazione nuovi, arredi urbani, opere edilizie per la piantumazione degli alberi, pavimentazione nuova di via Turi, sostituzione dei corpi illuminanti di corso Mazzini, ammonta a 120.000 euro. Il progetto ha gi\u00e0 ricevuto l\u2019approvazione da parte della Giunta Municipale e gi\u00e0 dai primi mesi del 2021 potr\u00e0 essere messo a gara; l\u2019obiettivo \u00e8 quello di avere la nuova veste di piazza Garibaldi e di via Turi nell\u2019arco del 2021.<\/p>\n<p class=\"rtejustify\">\u201cSi tratta di un progetto che ha un significato molto importante per me e per la mia amministrazione\u201d dichiara il Sindaco Giulia Deidda \u201cAbbiamo dato inizio alle \u201camministrazioni Deidda\u201d con gli interventi su piazza Matteotti e la viabilit\u00e0 di accesso al centro storico e abbiamo sempre sostenuto che quello sarebbe stato solo il primo di una serie di interventi per il centro storico. In questi sei anni ci siamo molto dedicati a questa parte di Santa Croce sull\u2019Arno, andando a riqualificare tutti gli edifici pubblici, resta da dare nuova vita solo ai locali dell\u2019ex anagrafe che presto vedr\u00e0 la presenza della casa delle associazioni. Credo fortemente che questa zona sia la pi\u00f9 bella e identitaria del nostro comune e che la qualit\u00e0 urbana possa giocare un ruolo importante anche per il rilancio del tessuto abitativo e commerciale. Sono molto felice, inoltre, di aver raccolto la collaborazione di Francesco e Azzurra Giannoni, due imprenditori santacrocesi che hanno a cuore il centro storico del loro paese, nel quale hanno deciso di fare investimenti gi\u00e0 da tempo; riscuotere il supporto da parte di cittadini e aziende \u00e8 il segno tangibile che la nostra visione e la strada intrapresa per la valorizzazione del centro storico, sono quelle giuste. Queste sono le iniezioni di positivit\u00e0 che ritengo facciano bene a Santa Croce sull\u2019Arno e sono sicura che con il tempo i risultati arriveranno\u201d.<\/p>\n<p class=\"rtejustify\">\u201cLa realizzazione di questi lavori porter\u00e0 anche piazza Garibaldi, attraverso un rinnovato percorso di via Turi, ad avere un aspetto nuovo e pi\u00f9 gradevole. Sono soddisfatto anche del percorso che ci ha portato alla definizione del progetto, che ci ha visto lavorare accanto ai commercianti, supportati da due professionisti che hanno deciso di mettere un po\u2019 della loro competenza e del loro tempo a servizio della comunit\u00e0\u201d aggiunge l\u2019assessore Daniele Bocciardi.<\/p>\n<p class=\"rtejustify\">\u201cE&#8217; una giornata importante per Santa Croce\u201d \u2013 dichiara il direttore di Confcommercio Provincia di Pisa Federico Pieragnoli &#8211; \u201ce con grandissima soddisfazione siamo oggi a presentare un progetto di rilancio e di riqualificazione del centro storico, esito di un lungo lavoro e di un percorso di concreta e leale collaborazione tra tutti: amministrazione comunale, associazione di categoria, CNN, professionisti locali. Per questo motivo, il nostro pi\u00f9 sentito ringraziamento va al sindaco Deidda per aver creduto e investito soldi in questo progetto, al ccn, con la sua presenza fondamentale, agli stessi architetti Pellegrini e Puliti per aver messo la propria non comune professionalit\u00e0 al servizio della citt\u00e0. Adesso, aspettiamo con trepidazione di vedere la realizzazione di queste opere, con la speranza che il nuovo anno rappresenti un occasione di rilancio per il commercio e il turismo delle nostre citt\u00e0. Proprio a partire da progetti come questi\u201d.<\/p>\n<p class=\"rtejustify\"><strong>Cenni storici<\/strong><\/p>\n<p class=\"rtejustify\">Come la gran parte dei centri storici minori italiani, anche quello di Santa Croce sull\u2019Arno \u00e8 stato, nel tempo profondamente modificato. Come evidenziato dal catasto Leopoldino la configurazione ottocentesca della Piazza era decisamente diversa da quella attuale, con la presenza di una serie di edifici in linea fronteggianti la chiesa Collegiata. Intorno all&#8217;inizio del secolo XX, si assiste alla demolizione di una serie di edifici di minor valore, con il restauro dei Palazzi Berti e Traballesi. Tali interventi consentiranno di arrivare all&#8217;attuale conformazione, con un aumento significativo delle dimensioni della piazza. Negli ultimi 50 anni la piazza Garibaldi ha perso la sua iniziale funzione di punto di aggregazione e di socializzazione, pur trovandosi al centro del paese. In particolare, negli anni \u201860 la piazza era stata aperta al flusso veicolare e trasformata in una zona di passaggio e di parcheggio. Si registrava la presenza di una fontana, rimossa alla fine degli anni \u201870. Fino alla fine degli anni \u201890 la piazza, caratterizzata per molti anni anche dalla presenza di una edicola, non ha subito nessun intervento di recupero. Successivamente, ed in particolare con l&#8217;ultimo intervento di riqualificazione, la piazza ha preso l&#8217;attuale aspetto, con pavimentazione in pietra Serena ed in pietra Santa Fiora. Inoltre \u00e8 stata inibita al traffico veicolare, con una quasi completa pedonalizzazione, fatto salvo le prosecuzioni di Via Turi e del Corso Mazzini.<\/p>\n<hr \/>\n<div class=\"col-lg-8 col-md-8\">\n<div class=\"col-padded col-same-height\">\n<div class=\"row gutter\">\n<div class=\"col-lg-12 col-md-12\">\n<div class=\"body\">\n<p><strong>Fonte<\/strong>: Ufficio Comunicazione Comune di Santa Croce sull&#8217;Arno<\/p>\n<\/div>\n<\/div>\n<\/div>\n<\/div>\n<\/div>\n","protected":false},"excerpt":{"rendered":"<p>Oggi siamo a presentare un progetto che ci rende molto orgogliosi, soprattutto per il percorso che ci ha portato a questa conclusione e che ha visto lavorare insieme tutti gli [&hellip;]<\/p>\n","protected":false},"author":10,"featured_media":13433,"comment_status":"closed","ping_status":"closed","sticky":false,"template":"","format":"standard","meta":{"footnotes":""},"categories":[158],"tags":[],"class_list":["post-17675","post","type-post","status-publish","format-standard","has-post-thumbnail","hentry","category-manutenzione-e-lavori"],"yoast_head":"<!-- This site is optimized with the Yoast SEO plugin v24.7 - https:\/\/yoast.com\/wordpress\/plugins\/seo\/ -->\n<title>Progetto di riqualificazione di Piazza Garibaldi - Comune di Santa Croce sull&#039;Arno<\/title>\n<meta name=\"robots\" content=\"index, follow, max-snippet:-1, max-image-preview:large, max-video-preview:-1\" \/>\n<link rel=\"canonical\" href=\"https:\/\/comune.santacroce.pi.it\/oldsite\/progetto-di-riqualificazione-di-piazza-garibaldi\/\" \/>\n<meta property=\"og:locale\" content=\"it_IT\" \/>\n<meta property=\"og:type\" content=\"article\" \/>\n<meta property=\"og:title\" content=\"Progetto di riqualificazione di Piazza Garibaldi - Comune di Santa Croce sull&#039;Arno\" \/>\n<meta property=\"og:description\" content=\"Oggi siamo a presentare un progetto che ci rende molto orgogliosi, soprattutto per il percorso che ci ha portato a questa conclusione e che ha visto lavorare insieme tutti gli [&hellip;]\" \/>\n<meta property=\"og:url\" content=\"https:\/\/comune.santacroce.pi.it\/oldsite\/progetto-di-riqualificazione-di-piazza-garibaldi\/\" \/>\n<meta property=\"og:site_name\" content=\"Comune di Santa Croce sull&#039;Arno\" \/>\n<meta property=\"article:published_time\" content=\"2020-12-11T11:26:34+00:00\" \/>\n<meta property=\"article:modified_time\" content=\"2021-02-22T11:27:24+00:00\" \/>\n<meta property=\"og:image\" content=\"https:\/\/comune.santacroce.pi.it\/oldsite\/wp-content\/uploads\/2018\/02\/MANUTENZIONE.png\" \/>\n\t<meta property=\"og:image:width\" content=\"800\" \/>\n\t<meta property=\"og:image:height\" content=\"600\" \/>\n\t<meta property=\"og:image:type\" content=\"image\/png\" \/>\n<meta name=\"author\" content=\"gestore\" \/>\n<meta name=\"twitter:card\" content=\"summary_large_image\" \/>\n<meta name=\"twitter:label1\" content=\"Scritto da\" \/>\n\t<meta name=\"twitter:data1\" content=\"gestore\" \/>\n\t<meta name=\"twitter:label2\" content=\"Tempo di lettura stimato\" \/>\n\t<meta name=\"twitter:data2\" content=\"6 minuti\" \/>\n<script type=\"application\/ld+json\" class=\"yoast-schema-graph\">{\"@context\":\"https:\/\/schema.org\",\"@graph\":[{\"@type\":\"Article\",\"@id\":\"https:\/\/comune.santacroce.pi.it\/oldsite\/progetto-di-riqualificazione-di-piazza-garibaldi\/#article\",\"isPartOf\":{\"@id\":\"https:\/\/comune.santacroce.pi.it\/oldsite\/progetto-di-riqualificazione-di-piazza-garibaldi\/\"},\"author\":{\"name\":\"gestore\",\"@id\":\"https:\/\/comune.santacroce.pi.it\/oldsite\/#\/schema\/person\/5212fa237eb523c5c88b1f51cae14ae4\"},\"headline\":\"Progetto di riqualificazione di Piazza Garibaldi\",\"datePublished\":\"2020-12-11T11:26:34+00:00\",\"dateModified\":\"2021-02-22T11:27:24+00:00\",\"mainEntityOfPage\":{\"@id\":\"https:\/\/comune.santacroce.pi.it\/oldsite\/progetto-di-riqualificazione-di-piazza-garibaldi\/\"},\"wordCount\":1208,\"publisher\":{\"@id\":\"https:\/\/comune.santacroce.pi.it\/oldsite\/#organization\"},\"image\":{\"@id\":\"https:\/\/comune.santacroce.pi.it\/oldsite\/progetto-di-riqualificazione-di-piazza-garibaldi\/#primaryimage\"},\"thumbnailUrl\":\"https:\/\/comune.santacroce.pi.it\/oldsite\/wp-content\/uploads\/2018\/02\/MANUTENZIONE.png\",\"articleSection\":[\"Manutenzione e lavori\"],\"inLanguage\":\"it-IT\"},{\"@type\":\"WebPage\",\"@id\":\"https:\/\/comune.santacroce.pi.it\/oldsite\/progetto-di-riqualificazione-di-piazza-garibaldi\/\",\"url\":\"https:\/\/comune.santacroce.pi.it\/oldsite\/progetto-di-riqualificazione-di-piazza-garibaldi\/\",\"name\":\"Progetto di riqualificazione di Piazza Garibaldi - Comune di Santa Croce sull&#039;Arno\",\"isPartOf\":{\"@id\":\"https:\/\/comune.santacroce.pi.it\/oldsite\/#website\"},\"primaryImageOfPage\":{\"@id\":\"https:\/\/comune.santacroce.pi.it\/oldsite\/progetto-di-riqualificazione-di-piazza-garibaldi\/#primaryimage\"},\"image\":{\"@id\":\"https:\/\/comune.santacroce.pi.it\/oldsite\/progetto-di-riqualificazione-di-piazza-garibaldi\/#primaryimage\"},\"thumbnailUrl\":\"https:\/\/comune.santacroce.pi.it\/oldsite\/wp-content\/uploads\/2018\/02\/MANUTENZIONE.png\",\"datePublished\":\"2020-12-11T11:26:34+00:00\",\"dateModified\":\"2021-02-22T11:27:24+00:00\",\"breadcrumb\":{\"@id\":\"https:\/\/comune.santacroce.pi.it\/oldsite\/progetto-di-riqualificazione-di-piazza-garibaldi\/#breadcrumb\"},\"inLanguage\":\"it-IT\",\"potentialAction\":[{\"@type\":\"ReadAction\",\"target\":[\"https:\/\/comune.santacroce.pi.it\/oldsite\/progetto-di-riqualificazione-di-piazza-garibaldi\/\"]}]},{\"@type\":\"ImageObject\",\"inLanguage\":\"it-IT\",\"@id\":\"https:\/\/comune.santacroce.pi.it\/oldsite\/progetto-di-riqualificazione-di-piazza-garibaldi\/#primaryimage\",\"url\":\"https:\/\/comune.santacroce.pi.it\/oldsite\/wp-content\/uploads\/2018\/02\/MANUTENZIONE.png\",\"contentUrl\":\"https:\/\/comune.santacroce.pi.it\/oldsite\/wp-content\/uploads\/2018\/02\/MANUTENZIONE.png\",\"width\":800,\"height\":600},{\"@type\":\"BreadcrumbList\",\"@id\":\"https:\/\/comune.santacroce.pi.it\/oldsite\/progetto-di-riqualificazione-di-piazza-garibaldi\/#breadcrumb\",\"itemListElement\":[{\"@type\":\"ListItem\",\"position\":1,\"name\":\"Home\",\"item\":\"https:\/\/comune.santacroce.pi.it\/oldsite\/\"},{\"@type\":\"ListItem\",\"position\":2,\"name\":\"Progetto di riqualificazione di Piazza Garibaldi\"}]},{\"@type\":\"WebSite\",\"@id\":\"https:\/\/comune.santacroce.pi.it\/oldsite\/#website\",\"url\":\"https:\/\/comune.santacroce.pi.it\/oldsite\/\",\"name\":\"Comune di Santa Croce sull&#039;Arno\",\"description\":\"Provincia di Pisa\",\"publisher\":{\"@id\":\"https:\/\/comune.santacroce.pi.it\/oldsite\/#organization\"},\"potentialAction\":[{\"@type\":\"SearchAction\",\"target\":{\"@type\":\"EntryPoint\",\"urlTemplate\":\"https:\/\/comune.santacroce.pi.it\/oldsite\/?s={search_term_string}\"},\"query-input\":{\"@type\":\"PropertyValueSpecification\",\"valueRequired\":true,\"valueName\":\"search_term_string\"}}],\"inLanguage\":\"it-IT\"},{\"@type\":\"Organization\",\"@id\":\"https:\/\/comune.santacroce.pi.it\/oldsite\/#organization\",\"name\":\"Comune di Santa Croce sull'Arno\",\"url\":\"https:\/\/comune.santacroce.pi.it\/oldsite\/\",\"logo\":{\"@type\":\"ImageObject\",\"inLanguage\":\"it-IT\",\"@id\":\"https:\/\/comune.santacroce.pi.it\/oldsite\/#\/schema\/logo\/image\/\",\"url\":\"https:\/\/comune.santacroce.pi.it\/oldsite\/wp-content\/uploads\/2021\/02\/cropped-Stemma-Santa-Croce-dellArno_500-1.png\",\"contentUrl\":\"https:\/\/comune.santacroce.pi.it\/oldsite\/wp-content\/uploads\/2021\/02\/cropped-Stemma-Santa-Croce-dellArno_500-1.png\",\"width\":500,\"height\":500,\"caption\":\"Comune di Santa Croce sull'Arno\"},\"image\":{\"@id\":\"https:\/\/comune.santacroce.pi.it\/oldsite\/#\/schema\/logo\/image\/\"}},{\"@type\":\"Person\",\"@id\":\"https:\/\/comune.santacroce.pi.it\/oldsite\/#\/schema\/person\/5212fa237eb523c5c88b1f51cae14ae4\",\"name\":\"gestore\",\"image\":{\"@type\":\"ImageObject\",\"inLanguage\":\"it-IT\",\"@id\":\"https:\/\/comune.santacroce.pi.it\/oldsite\/#\/schema\/person\/image\/\",\"url\":\"https:\/\/secure.gravatar.com\/avatar\/0759b03a30f73df39010a5fcb1380615?s=96&d=mm&r=g\",\"contentUrl\":\"https:\/\/secure.gravatar.com\/avatar\/0759b03a30f73df39010a5fcb1380615?s=96&d=mm&r=g\",\"caption\":\"gestore\"},\"url\":\"https:\/\/comune.santacroce.pi.it\/oldsite\/author\/gestore\/\"}]}<\/script>\n<!-- \/ Yoast SEO plugin. -->","yoast_head_json":{"title":"Progetto di riqualificazione di Piazza Garibaldi - Comune di Santa Croce sull&#039;Arno","robots":{"index":"index","follow":"follow","max-snippet":"max-snippet:-1","max-image-preview":"max-image-preview:large","max-video-preview":"max-video-preview:-1"},"canonical":"https:\/\/comune.santacroce.pi.it\/oldsite\/progetto-di-riqualificazione-di-piazza-garibaldi\/","og_locale":"it_IT","og_type":"article","og_title":"Progetto di riqualificazione di Piazza Garibaldi - Comune di Santa Croce sull&#039;Arno","og_description":"Oggi siamo a presentare un progetto che ci rende molto orgogliosi, soprattutto per il percorso che ci ha portato a questa conclusione e che ha visto lavorare insieme tutti gli [&hellip;]","og_url":"https:\/\/comune.santacroce.pi.it\/oldsite\/progetto-di-riqualificazione-di-piazza-garibaldi\/","og_site_name":"Comune di Santa Croce sull&#039;Arno","article_published_time":"2020-12-11T11:26:34+00:00","article_modified_time":"2021-02-22T11:27:24+00:00","og_image":[{"width":800,"height":600,"url":"https:\/\/comune.santacroce.pi.it\/oldsite\/wp-content\/uploads\/2018\/02\/MANUTENZIONE.png","type":"image\/png"}],"author":"gestore","twitter_card":"summary_large_image","twitter_misc":{"Scritto da":"gestore","Tempo di lettura stimato":"6 minuti"},"schema":{"@context":"https:\/\/schema.org","@graph":[{"@type":"Article","@id":"https:\/\/comune.santacroce.pi.it\/oldsite\/progetto-di-riqualificazione-di-piazza-garibaldi\/#article","isPartOf":{"@id":"https:\/\/comune.santacroce.pi.it\/oldsite\/progetto-di-riqualificazione-di-piazza-garibaldi\/"},"author":{"name":"gestore","@id":"https:\/\/comune.santacroce.pi.it\/oldsite\/#\/schema\/person\/5212fa237eb523c5c88b1f51cae14ae4"},"headline":"Progetto di riqualificazione di Piazza Garibaldi","datePublished":"2020-12-11T11:26:34+00:00","dateModified":"2021-02-22T11:27:24+00:00","mainEntityOfPage":{"@id":"https:\/\/comune.santacroce.pi.it\/oldsite\/progetto-di-riqualificazione-di-piazza-garibaldi\/"},"wordCount":1208,"publisher":{"@id":"https:\/\/comune.santacroce.pi.it\/oldsite\/#organization"},"image":{"@id":"https:\/\/comune.santacroce.pi.it\/oldsite\/progetto-di-riqualificazione-di-piazza-garibaldi\/#primaryimage"},"thumbnailUrl":"https:\/\/comune.santacroce.pi.it\/oldsite\/wp-content\/uploads\/2018\/02\/MANUTENZIONE.png","articleSection":["Manutenzione e lavori"],"inLanguage":"it-IT"},{"@type":"WebPage","@id":"https:\/\/comune.santacroce.pi.it\/oldsite\/progetto-di-riqualificazione-di-piazza-garibaldi\/","url":"https:\/\/comune.santacroce.pi.it\/oldsite\/progetto-di-riqualificazione-di-piazza-garibaldi\/","name":"Progetto di riqualificazione di Piazza Garibaldi - Comune di Santa Croce sull&#039;Arno","isPartOf":{"@id":"https:\/\/comune.santacroce.pi.it\/oldsite\/#website"},"primaryImageOfPage":{"@id":"https:\/\/comune.santacroce.pi.it\/oldsite\/progetto-di-riqualificazione-di-piazza-garibaldi\/#primaryimage"},"image":{"@id":"https:\/\/comune.santacroce.pi.it\/oldsite\/progetto-di-riqualificazione-di-piazza-garibaldi\/#primaryimage"},"thumbnailUrl":"https:\/\/comune.santacroce.pi.it\/oldsite\/wp-content\/uploads\/2018\/02\/MANUTENZIONE.png","datePublished":"2020-12-11T11:26:34+00:00","dateModified":"2021-02-22T11:27:24+00:00","breadcrumb":{"@id":"https:\/\/comune.santacroce.pi.it\/oldsite\/progetto-di-riqualificazione-di-piazza-garibaldi\/#breadcrumb"},"inLanguage":"it-IT","potentialAction":[{"@type":"ReadAction","target":["https:\/\/comune.santacroce.pi.it\/oldsite\/progetto-di-riqualificazione-di-piazza-garibaldi\/"]}]},{"@type":"ImageObject","inLanguage":"it-IT","@id":"https:\/\/comune.santacroce.pi.it\/oldsite\/progetto-di-riqualificazione-di-piazza-garibaldi\/#primaryimage","url":"https:\/\/comune.santacroce.pi.it\/oldsite\/wp-content\/uploads\/2018\/02\/MANUTENZIONE.png","contentUrl":"https:\/\/comune.santacroce.pi.it\/oldsite\/wp-content\/uploads\/2018\/02\/MANUTENZIONE.png","width":800,"height":600},{"@type":"BreadcrumbList","@id":"https:\/\/comune.santacroce.pi.it\/oldsite\/progetto-di-riqualificazione-di-piazza-garibaldi\/#breadcrumb","itemListElement":[{"@type":"ListItem","position":1,"name":"Home","item":"https:\/\/comune.santacroce.pi.it\/oldsite\/"},{"@type":"ListItem","position":2,"name":"Progetto di riqualificazione di Piazza Garibaldi"}]},{"@type":"WebSite","@id":"https:\/\/comune.santacroce.pi.it\/oldsite\/#website","url":"https:\/\/comune.santacroce.pi.it\/oldsite\/","name":"Comune di Santa Croce sull&#039;Arno","description":"Provincia di Pisa","publisher":{"@id":"https:\/\/comune.santacroce.pi.it\/oldsite\/#organization"},"potentialAction":[{"@type":"SearchAction","target":{"@type":"EntryPoint","urlTemplate":"https:\/\/comune.santacroce.pi.it\/oldsite\/?s={search_term_string}"},"query-input":{"@type":"PropertyValueSpecification","valueRequired":true,"valueName":"search_term_string"}}],"inLanguage":"it-IT"},{"@type":"Organization","@id":"https:\/\/comune.santacroce.pi.it\/oldsite\/#organization","name":"Comune di Santa Croce sull'Arno","url":"https:\/\/comune.santacroce.pi.it\/oldsite\/","logo":{"@type":"ImageObject","inLanguage":"it-IT","@id":"https:\/\/comune.santacroce.pi.it\/oldsite\/#\/schema\/logo\/image\/","url":"https:\/\/comune.santacroce.pi.it\/oldsite\/wp-content\/uploads\/2021\/02\/cropped-Stemma-Santa-Croce-dellArno_500-1.png","contentUrl":"https:\/\/comune.santacroce.pi.it\/oldsite\/wp-content\/uploads\/2021\/02\/cropped-Stemma-Santa-Croce-dellArno_500-1.png","width":500,"height":500,"caption":"Comune di Santa Croce sull'Arno"},"image":{"@id":"https:\/\/comune.santacroce.pi.it\/oldsite\/#\/schema\/logo\/image\/"}},{"@type":"Person","@id":"https:\/\/comune.santacroce.pi.it\/oldsite\/#\/schema\/person\/5212fa237eb523c5c88b1f51cae14ae4","name":"gestore","image":{"@type":"ImageObject","inLanguage":"it-IT","@id":"https:\/\/comune.santacroce.pi.it\/oldsite\/#\/schema\/person\/image\/","url":"https:\/\/secure.gravatar.com\/avatar\/0759b03a30f73df39010a5fcb1380615?s=96&d=mm&r=g","contentUrl":"https:\/\/secure.gravatar.com\/avatar\/0759b03a30f73df39010a5fcb1380615?s=96&d=mm&r=g","caption":"gestore"},"url":"https:\/\/comune.santacroce.pi.it\/oldsite\/author\/gestore\/"}]}},"jetpack_featured_media_url":"https:\/\/comune.santacroce.pi.it\/oldsite\/wp-content\/uploads\/2018\/02\/MANUTENZIONE.png","meta_box":{"comunicacity_sync":"","cc4_urg_colore":"","cc4_urg_data_inizio":"","cc4_urg_data_fine":"","cc4_cor_positivi_oggi":"","cc4_cor_negativizzati_oggi":"","cc4_cor_deceduti_oggi":"","cc4_cor_positivi_totali":"","cc4_cor_negativizzati_totali":"","cc4_cor_deceduti_totali":"","cc4_cor_attualmente_positivi":"","cc4_eve_data_inizio":"","cc4_eve_data_fine":"","cc4_eve_indirizzo":"","cc4_eve_posizione":{"latitude":"","longitude":"","zoom":""},"cc4_eve_telefono":"","cc4_eve_email":"","cc4_eve_web":"","cc4_eve_fb":""},"_links":{"self":[{"href":"https:\/\/comune.santacroce.pi.it\/oldsite\/wp-json\/wp\/v2\/posts\/17675","targetHints":{"allow":["GET"]}}],"collection":[{"href":"https:\/\/comune.santacroce.pi.it\/oldsite\/wp-json\/wp\/v2\/posts"}],"about":[{"href":"https:\/\/comune.santacroce.pi.it\/oldsite\/wp-json\/wp\/v2\/types\/post"}],"author":[{"embeddable":true,"href":"https:\/\/comune.santacroce.pi.it\/oldsite\/wp-json\/wp\/v2\/users\/10"}],"replies":[{"embeddable":true,"href":"https:\/\/comune.santacroce.pi.it\/oldsite\/wp-json\/wp\/v2\/comments?post=17675"}],"version-history":[{"count":0,"href":"https:\/\/comune.santacroce.pi.it\/oldsite\/wp-json\/wp\/v2\/posts\/17675\/revisions"}],"wp:featuredmedia":[{"embeddable":true,"href":"https:\/\/comune.santacroce.pi.it\/oldsite\/wp-json\/wp\/v2\/media\/13433"}],"wp:attachment":[{"href":"https:\/\/comune.santacroce.pi.it\/oldsite\/wp-json\/wp\/v2\/media?parent=17675"}],"wp:term":[{"taxonomy":"category","embeddable":true,"href":"https:\/\/comune.santacroce.pi.it\/oldsite\/wp-json\/wp\/v2\/categories?post=17675"},{"taxonomy":"post_tag","embeddable":true,"href":"https:\/\/comune.santacroce.pi.it\/oldsite\/wp-json\/wp\/v2\/tags?post=17675"}],"curies":[{"name":"wp","href":"https:\/\/api.w.org\/{rel}","templated":true}]}}