{"id":17252,"date":"2020-11-06T10:56:53","date_gmt":"2020-11-06T09:56:53","guid":{"rendered":"https:\/\/comune.santacroce.pi.it\/oldsite\/?p=17252"},"modified":"2021-02-19T10:58:07","modified_gmt":"2021-02-19T09:58:07","slug":"nuova-ordinanza-regionale-sugli-spostamenti-fuori-comune","status":"publish","type":"post","link":"https:\/\/comune.santacroce.pi.it\/oldsite\/nuova-ordinanza-regionale-sugli-spostamenti-fuori-comune\/","title":{"rendered":"Nuova ordinanza regionale sugli spostamenti fuori comune"},"content":{"rendered":"<p>La Regione Toscana ha emesso una nuova ordinanza che regolamenta gli spostamenti fuori comune e l\u2019attivit\u00e0 dei centri culturali.<\/p>\n<p>Sono consentiti gli spostamenti in un comune diverso da quello di residenza, domicilio o abitazione:<\/p>\n<ul>\n<li>Per il raggiungimento delle seconde case, individualmente, per le attivit\u00e0 di manutenzione e riparazione con obbligo di rientro in giornata;<\/li>\n<li>Per svolgere attivit\u00e0 o usufruire di beni e servizi non sospesi e non disponibili nel proprio comune;<\/li>\n<li>Nel caso in cui il proprio comune non disponga di specifici punti vendita oppure nel caso sia necessario acquistare con urgenza generi di prima necessit\u00e0 non reperibili nel proprio comune;<\/li>\n<li>Alle persone separate o divorziate per andare a trovare in comuni di aree differenti figli minorenni dall&#8217;altro genitore;<\/li>\n<li>Per le attivit\u00e0 di raccolta e di frangiture delle olive, anche per andare e tornare dai frantoi;<\/li>\n<li>Per l&#8217;attivit\u00e0 di raccolta di tartufi, funghi e attivit\u00e0 di pesca svolte a titolo professionale, tali attivit\u00e0 svolte a titolo amatoriale possono essere esercitate esclusivamente nel proprio comune;<\/li>\n<li>Per accudire gli animali allevati.<\/li>\n<\/ul>\n<p>Per i centri culturali, centri sociali e centri ricreativi:<\/p>\n<ul>\n<li>\u00e8 consentito, esclusivamente a favore dei rispettivi associati, effettuare la  ristorazione con consegna a domicilio nel rispetto delle norme igienico-sanitarie, nonch\u00e9 fino alle ore 22,00 la ristorazione con asporto, con divieto di consumazione sul posto o nelle vicinanze.<\/li>\n<li>Nei corsi di formazione professionale sono consentite in presenza le attivit\u00e0 pratiche, i laboratori e gli stage come per le scuole superiori. Tutte le altre attivit\u00e0 si svolgono a distanza.<\/li>\n<\/ul>\n","protected":false},"excerpt":{"rendered":"<p>La Regione Toscana ha emesso una nuova ordinanza che regolamenta gli spostamenti fuori comune e l\u2019attivit\u00e0 dei centri culturali. Sono consentiti gli spostamenti in un comune diverso da quello di [&hellip;]<\/p>\n","protected":false},"author":10,"featured_media":13429,"comment_status":"closed","ping_status":"closed","sticky":false,"template":"","format":"standard","meta":{"footnotes":""},"categories":[159],"tags":[402],"class_list":["post-17252","post","type-post","status-publish","format-standard","has-post-thumbnail","hentry","category-viabilita-mobilita","tag-covid-19"],"yoast_head":"<!-- This site is optimized with the Yoast SEO plugin v24.7 - https:\/\/yoast.com\/wordpress\/plugins\/seo\/ -->\n<title>Nuova ordinanza regionale sugli spostamenti fuori comune - Comune di Santa Croce sull&#039;Arno<\/title>\n<meta name=\"robots\" content=\"index, follow, max-snippet:-1, max-image-preview:large, max-video-preview:-1\" \/>\n<link rel=\"canonical\" href=\"https:\/\/comune.santacroce.pi.it\/oldsite\/nuova-ordinanza-regionale-sugli-spostamenti-fuori-comune\/\" \/>\n<meta property=\"og:locale\" content=\"it_IT\" \/>\n<meta property=\"og:type\" content=\"article\" \/>\n<meta property=\"og:title\" content=\"Nuova ordinanza regionale sugli spostamenti fuori comune - Comune di Santa Croce sull&#039;Arno\" \/>\n<meta property=\"og:description\" content=\"La Regione Toscana ha emesso una nuova ordinanza che regolamenta gli spostamenti fuori comune e l\u2019attivit\u00e0 dei centri culturali. Sono consentiti gli spostamenti in un comune diverso da quello di [&hellip;]\" \/>\n<meta property=\"og:url\" content=\"https:\/\/comune.santacroce.pi.it\/oldsite\/nuova-ordinanza-regionale-sugli-spostamenti-fuori-comune\/\" \/>\n<meta property=\"og:site_name\" content=\"Comune di Santa Croce sull&#039;Arno\" \/>\n<meta property=\"article:published_time\" content=\"2020-11-06T09:56:53+00:00\" \/>\n<meta property=\"article:modified_time\" content=\"2021-02-19T09:58:07+00:00\" \/>\n<meta property=\"og:image\" content=\"https:\/\/comune.santacroce.pi.it\/oldsite\/wp-content\/uploads\/2018\/02\/MOBILITA.png\" \/>\n\t<meta property=\"og:image:width\" content=\"800\" \/>\n\t<meta property=\"og:image:height\" content=\"600\" \/>\n\t<meta property=\"og:image:type\" content=\"image\/png\" \/>\n<meta name=\"author\" content=\"gestore\" \/>\n<meta name=\"twitter:card\" content=\"summary_large_image\" \/>\n<meta name=\"twitter:label1\" content=\"Scritto da\" \/>\n\t<meta name=\"twitter:data1\" content=\"gestore\" \/>\n\t<meta name=\"twitter:label2\" content=\"Tempo di lettura stimato\" \/>\n\t<meta name=\"twitter:data2\" content=\"1 minuto\" \/>\n<script type=\"application\/ld+json\" class=\"yoast-schema-graph\">{\"@context\":\"https:\/\/schema.org\",\"@graph\":[{\"@type\":\"Article\",\"@id\":\"https:\/\/comune.santacroce.pi.it\/oldsite\/nuova-ordinanza-regionale-sugli-spostamenti-fuori-comune\/#article\",\"isPartOf\":{\"@id\":\"https:\/\/comune.santacroce.pi.it\/oldsite\/nuova-ordinanza-regionale-sugli-spostamenti-fuori-comune\/\"},\"author\":{\"name\":\"gestore\",\"@id\":\"https:\/\/comune.santacroce.pi.it\/oldsite\/#\/schema\/person\/5212fa237eb523c5c88b1f51cae14ae4\"},\"headline\":\"Nuova ordinanza regionale sugli spostamenti fuori comune\",\"datePublished\":\"2020-11-06T09:56:53+00:00\",\"dateModified\":\"2021-02-19T09:58:07+00:00\",\"mainEntityOfPage\":{\"@id\":\"https:\/\/comune.santacroce.pi.it\/oldsite\/nuova-ordinanza-regionale-sugli-spostamenti-fuori-comune\/\"},\"wordCount\":254,\"publisher\":{\"@id\":\"https:\/\/comune.santacroce.pi.it\/oldsite\/#organization\"},\"image\":{\"@id\":\"https:\/\/comune.santacroce.pi.it\/oldsite\/nuova-ordinanza-regionale-sugli-spostamenti-fuori-comune\/#primaryimage\"},\"thumbnailUrl\":\"https:\/\/comune.santacroce.pi.it\/oldsite\/wp-content\/uploads\/2018\/02\/MOBILITA.png\",\"keywords\":[\"Covid-19\"],\"articleSection\":[\"Viabilit\u00e0 - Mobilit\u00e0 - Circolazione\"],\"inLanguage\":\"it-IT\"},{\"@type\":\"WebPage\",\"@id\":\"https:\/\/comune.santacroce.pi.it\/oldsite\/nuova-ordinanza-regionale-sugli-spostamenti-fuori-comune\/\",\"url\":\"https:\/\/comune.santacroce.pi.it\/oldsite\/nuova-ordinanza-regionale-sugli-spostamenti-fuori-comune\/\",\"name\":\"Nuova ordinanza regionale sugli spostamenti fuori comune - Comune di Santa Croce sull&#039;Arno\",\"isPartOf\":{\"@id\":\"https:\/\/comune.santacroce.pi.it\/oldsite\/#website\"},\"primaryImageOfPage\":{\"@id\":\"https:\/\/comune.santacroce.pi.it\/oldsite\/nuova-ordinanza-regionale-sugli-spostamenti-fuori-comune\/#primaryimage\"},\"image\":{\"@id\":\"https:\/\/comune.santacroce.pi.it\/oldsite\/nuova-ordinanza-regionale-sugli-spostamenti-fuori-comune\/#primaryimage\"},\"thumbnailUrl\":\"https:\/\/comune.santacroce.pi.it\/oldsite\/wp-content\/uploads\/2018\/02\/MOBILITA.png\",\"datePublished\":\"2020-11-06T09:56:53+00:00\",\"dateModified\":\"2021-02-19T09:58:07+00:00\",\"breadcrumb\":{\"@id\":\"https:\/\/comune.santacroce.pi.it\/oldsite\/nuova-ordinanza-regionale-sugli-spostamenti-fuori-comune\/#breadcrumb\"},\"inLanguage\":\"it-IT\",\"potentialAction\":[{\"@type\":\"ReadAction\",\"target\":[\"https:\/\/comune.santacroce.pi.it\/oldsite\/nuova-ordinanza-regionale-sugli-spostamenti-fuori-comune\/\"]}]},{\"@type\":\"ImageObject\",\"inLanguage\":\"it-IT\",\"@id\":\"https:\/\/comune.santacroce.pi.it\/oldsite\/nuova-ordinanza-regionale-sugli-spostamenti-fuori-comune\/#primaryimage\",\"url\":\"https:\/\/comune.santacroce.pi.it\/oldsite\/wp-content\/uploads\/2018\/02\/MOBILITA.png\",\"contentUrl\":\"https:\/\/comune.santacroce.pi.it\/oldsite\/wp-content\/uploads\/2018\/02\/MOBILITA.png\",\"width\":800,\"height\":600},{\"@type\":\"BreadcrumbList\",\"@id\":\"https:\/\/comune.santacroce.pi.it\/oldsite\/nuova-ordinanza-regionale-sugli-spostamenti-fuori-comune\/#breadcrumb\",\"itemListElement\":[{\"@type\":\"ListItem\",\"position\":1,\"name\":\"Home\",\"item\":\"https:\/\/comune.santacroce.pi.it\/oldsite\/\"},{\"@type\":\"ListItem\",\"position\":2,\"name\":\"Nuova ordinanza regionale sugli spostamenti fuori comune\"}]},{\"@type\":\"WebSite\",\"@id\":\"https:\/\/comune.santacroce.pi.it\/oldsite\/#website\",\"url\":\"https:\/\/comune.santacroce.pi.it\/oldsite\/\",\"name\":\"Comune di Santa Croce sull&#039;Arno\",\"description\":\"Provincia di Pisa\",\"publisher\":{\"@id\":\"https:\/\/comune.santacroce.pi.it\/oldsite\/#organization\"},\"potentialAction\":[{\"@type\":\"SearchAction\",\"target\":{\"@type\":\"EntryPoint\",\"urlTemplate\":\"https:\/\/comune.santacroce.pi.it\/oldsite\/?s={search_term_string}\"},\"query-input\":{\"@type\":\"PropertyValueSpecification\",\"valueRequired\":true,\"valueName\":\"search_term_string\"}}],\"inLanguage\":\"it-IT\"},{\"@type\":\"Organization\",\"@id\":\"https:\/\/comune.santacroce.pi.it\/oldsite\/#organization\",\"name\":\"Comune di Santa Croce sull'Arno\",\"url\":\"https:\/\/comune.santacroce.pi.it\/oldsite\/\",\"logo\":{\"@type\":\"ImageObject\",\"inLanguage\":\"it-IT\",\"@id\":\"https:\/\/comune.santacroce.pi.it\/oldsite\/#\/schema\/logo\/image\/\",\"url\":\"https:\/\/comune.santacroce.pi.it\/oldsite\/wp-content\/uploads\/2021\/02\/cropped-Stemma-Santa-Croce-dellArno_500-1.png\",\"contentUrl\":\"https:\/\/comune.santacroce.pi.it\/oldsite\/wp-content\/uploads\/2021\/02\/cropped-Stemma-Santa-Croce-dellArno_500-1.png\",\"width\":500,\"height\":500,\"caption\":\"Comune di Santa Croce sull'Arno\"},\"image\":{\"@id\":\"https:\/\/comune.santacroce.pi.it\/oldsite\/#\/schema\/logo\/image\/\"}},{\"@type\":\"Person\",\"@id\":\"https:\/\/comune.santacroce.pi.it\/oldsite\/#\/schema\/person\/5212fa237eb523c5c88b1f51cae14ae4\",\"name\":\"gestore\",\"image\":{\"@type\":\"ImageObject\",\"inLanguage\":\"it-IT\",\"@id\":\"https:\/\/comune.santacroce.pi.it\/oldsite\/#\/schema\/person\/image\/\",\"url\":\"https:\/\/secure.gravatar.com\/avatar\/0759b03a30f73df39010a5fcb1380615?s=96&d=mm&r=g\",\"contentUrl\":\"https:\/\/secure.gravatar.com\/avatar\/0759b03a30f73df39010a5fcb1380615?s=96&d=mm&r=g\",\"caption\":\"gestore\"},\"url\":\"https:\/\/comune.santacroce.pi.it\/oldsite\/author\/gestore\/\"}]}<\/script>\n<!-- \/ Yoast SEO plugin. -->","yoast_head_json":{"title":"Nuova ordinanza regionale sugli spostamenti fuori comune - Comune di Santa Croce sull&#039;Arno","robots":{"index":"index","follow":"follow","max-snippet":"max-snippet:-1","max-image-preview":"max-image-preview:large","max-video-preview":"max-video-preview:-1"},"canonical":"https:\/\/comune.santacroce.pi.it\/oldsite\/nuova-ordinanza-regionale-sugli-spostamenti-fuori-comune\/","og_locale":"it_IT","og_type":"article","og_title":"Nuova ordinanza regionale sugli spostamenti fuori comune - Comune di Santa Croce sull&#039;Arno","og_description":"La Regione Toscana ha emesso una nuova ordinanza che regolamenta gli spostamenti fuori comune e l\u2019attivit\u00e0 dei centri culturali. Sono consentiti gli spostamenti in un comune diverso da quello di [&hellip;]","og_url":"https:\/\/comune.santacroce.pi.it\/oldsite\/nuova-ordinanza-regionale-sugli-spostamenti-fuori-comune\/","og_site_name":"Comune di Santa Croce sull&#039;Arno","article_published_time":"2020-11-06T09:56:53+00:00","article_modified_time":"2021-02-19T09:58:07+00:00","og_image":[{"width":800,"height":600,"url":"https:\/\/comune.santacroce.pi.it\/oldsite\/wp-content\/uploads\/2018\/02\/MOBILITA.png","type":"image\/png"}],"author":"gestore","twitter_card":"summary_large_image","twitter_misc":{"Scritto da":"gestore","Tempo di lettura stimato":"1 minuto"},"schema":{"@context":"https:\/\/schema.org","@graph":[{"@type":"Article","@id":"https:\/\/comune.santacroce.pi.it\/oldsite\/nuova-ordinanza-regionale-sugli-spostamenti-fuori-comune\/#article","isPartOf":{"@id":"https:\/\/comune.santacroce.pi.it\/oldsite\/nuova-ordinanza-regionale-sugli-spostamenti-fuori-comune\/"},"author":{"name":"gestore","@id":"https:\/\/comune.santacroce.pi.it\/oldsite\/#\/schema\/person\/5212fa237eb523c5c88b1f51cae14ae4"},"headline":"Nuova ordinanza regionale sugli spostamenti fuori comune","datePublished":"2020-11-06T09:56:53+00:00","dateModified":"2021-02-19T09:58:07+00:00","mainEntityOfPage":{"@id":"https:\/\/comune.santacroce.pi.it\/oldsite\/nuova-ordinanza-regionale-sugli-spostamenti-fuori-comune\/"},"wordCount":254,"publisher":{"@id":"https:\/\/comune.santacroce.pi.it\/oldsite\/#organization"},"image":{"@id":"https:\/\/comune.santacroce.pi.it\/oldsite\/nuova-ordinanza-regionale-sugli-spostamenti-fuori-comune\/#primaryimage"},"thumbnailUrl":"https:\/\/comune.santacroce.pi.it\/oldsite\/wp-content\/uploads\/2018\/02\/MOBILITA.png","keywords":["Covid-19"],"articleSection":["Viabilit\u00e0 - Mobilit\u00e0 - Circolazione"],"inLanguage":"it-IT"},{"@type":"WebPage","@id":"https:\/\/comune.santacroce.pi.it\/oldsite\/nuova-ordinanza-regionale-sugli-spostamenti-fuori-comune\/","url":"https:\/\/comune.santacroce.pi.it\/oldsite\/nuova-ordinanza-regionale-sugli-spostamenti-fuori-comune\/","name":"Nuova ordinanza regionale sugli spostamenti fuori comune - Comune di Santa Croce sull&#039;Arno","isPartOf":{"@id":"https:\/\/comune.santacroce.pi.it\/oldsite\/#website"},"primaryImageOfPage":{"@id":"https:\/\/comune.santacroce.pi.it\/oldsite\/nuova-ordinanza-regionale-sugli-spostamenti-fuori-comune\/#primaryimage"},"image":{"@id":"https:\/\/comune.santacroce.pi.it\/oldsite\/nuova-ordinanza-regionale-sugli-spostamenti-fuori-comune\/#primaryimage"},"thumbnailUrl":"https:\/\/comune.santacroce.pi.it\/oldsite\/wp-content\/uploads\/2018\/02\/MOBILITA.png","datePublished":"2020-11-06T09:56:53+00:00","dateModified":"2021-02-19T09:58:07+00:00","breadcrumb":{"@id":"https:\/\/comune.santacroce.pi.it\/oldsite\/nuova-ordinanza-regionale-sugli-spostamenti-fuori-comune\/#breadcrumb"},"inLanguage":"it-IT","potentialAction":[{"@type":"ReadAction","target":["https:\/\/comune.santacroce.pi.it\/oldsite\/nuova-ordinanza-regionale-sugli-spostamenti-fuori-comune\/"]}]},{"@type":"ImageObject","inLanguage":"it-IT","@id":"https:\/\/comune.santacroce.pi.it\/oldsite\/nuova-ordinanza-regionale-sugli-spostamenti-fuori-comune\/#primaryimage","url":"https:\/\/comune.santacroce.pi.it\/oldsite\/wp-content\/uploads\/2018\/02\/MOBILITA.png","contentUrl":"https:\/\/comune.santacroce.pi.it\/oldsite\/wp-content\/uploads\/2018\/02\/MOBILITA.png","width":800,"height":600},{"@type":"BreadcrumbList","@id":"https:\/\/comune.santacroce.pi.it\/oldsite\/nuova-ordinanza-regionale-sugli-spostamenti-fuori-comune\/#breadcrumb","itemListElement":[{"@type":"ListItem","position":1,"name":"Home","item":"https:\/\/comune.santacroce.pi.it\/oldsite\/"},{"@type":"ListItem","position":2,"name":"Nuova ordinanza regionale sugli spostamenti fuori comune"}]},{"@type":"WebSite","@id":"https:\/\/comune.santacroce.pi.it\/oldsite\/#website","url":"https:\/\/comune.santacroce.pi.it\/oldsite\/","name":"Comune di Santa Croce sull&#039;Arno","description":"Provincia di Pisa","publisher":{"@id":"https:\/\/comune.santacroce.pi.it\/oldsite\/#organization"},"potentialAction":[{"@type":"SearchAction","target":{"@type":"EntryPoint","urlTemplate":"https:\/\/comune.santacroce.pi.it\/oldsite\/?s={search_term_string}"},"query-input":{"@type":"PropertyValueSpecification","valueRequired":true,"valueName":"search_term_string"}}],"inLanguage":"it-IT"},{"@type":"Organization","@id":"https:\/\/comune.santacroce.pi.it\/oldsite\/#organization","name":"Comune di Santa Croce sull'Arno","url":"https:\/\/comune.santacroce.pi.it\/oldsite\/","logo":{"@type":"ImageObject","inLanguage":"it-IT","@id":"https:\/\/comune.santacroce.pi.it\/oldsite\/#\/schema\/logo\/image\/","url":"https:\/\/comune.santacroce.pi.it\/oldsite\/wp-content\/uploads\/2021\/02\/cropped-Stemma-Santa-Croce-dellArno_500-1.png","contentUrl":"https:\/\/comune.santacroce.pi.it\/oldsite\/wp-content\/uploads\/2021\/02\/cropped-Stemma-Santa-Croce-dellArno_500-1.png","width":500,"height":500,"caption":"Comune di Santa Croce sull'Arno"},"image":{"@id":"https:\/\/comune.santacroce.pi.it\/oldsite\/#\/schema\/logo\/image\/"}},{"@type":"Person","@id":"https:\/\/comune.santacroce.pi.it\/oldsite\/#\/schema\/person\/5212fa237eb523c5c88b1f51cae14ae4","name":"gestore","image":{"@type":"ImageObject","inLanguage":"it-IT","@id":"https:\/\/comune.santacroce.pi.it\/oldsite\/#\/schema\/person\/image\/","url":"https:\/\/secure.gravatar.com\/avatar\/0759b03a30f73df39010a5fcb1380615?s=96&d=mm&r=g","contentUrl":"https:\/\/secure.gravatar.com\/avatar\/0759b03a30f73df39010a5fcb1380615?s=96&d=mm&r=g","caption":"gestore"},"url":"https:\/\/comune.santacroce.pi.it\/oldsite\/author\/gestore\/"}]}},"jetpack_featured_media_url":"https:\/\/comune.santacroce.pi.it\/oldsite\/wp-content\/uploads\/2018\/02\/MOBILITA.png","meta_box":{"comunicacity_sync":"","cc4_urg_colore":"","cc4_urg_data_inizio":"","cc4_urg_data_fine":"","cc4_cor_positivi_oggi":"","cc4_cor_negativizzati_oggi":"","cc4_cor_deceduti_oggi":"","cc4_cor_positivi_totali":"","cc4_cor_negativizzati_totali":"","cc4_cor_deceduti_totali":"","cc4_cor_attualmente_positivi":"","cc4_eve_data_inizio":"","cc4_eve_data_fine":"","cc4_eve_indirizzo":"","cc4_eve_posizione":{"latitude":"","longitude":"","zoom":""},"cc4_eve_telefono":"","cc4_eve_email":"","cc4_eve_web":"","cc4_eve_fb":""},"_links":{"self":[{"href":"https:\/\/comune.santacroce.pi.it\/oldsite\/wp-json\/wp\/v2\/posts\/17252","targetHints":{"allow":["GET"]}}],"collection":[{"href":"https:\/\/comune.santacroce.pi.it\/oldsite\/wp-json\/wp\/v2\/posts"}],"about":[{"href":"https:\/\/comune.santacroce.pi.it\/oldsite\/wp-json\/wp\/v2\/types\/post"}],"author":[{"embeddable":true,"href":"https:\/\/comune.santacroce.pi.it\/oldsite\/wp-json\/wp\/v2\/users\/10"}],"replies":[{"embeddable":true,"href":"https:\/\/comune.santacroce.pi.it\/oldsite\/wp-json\/wp\/v2\/comments?post=17252"}],"version-history":[{"count":0,"href":"https:\/\/comune.santacroce.pi.it\/oldsite\/wp-json\/wp\/v2\/posts\/17252\/revisions"}],"wp:featuredmedia":[{"embeddable":true,"href":"https:\/\/comune.santacroce.pi.it\/oldsite\/wp-json\/wp\/v2\/media\/13429"}],"wp:attachment":[{"href":"https:\/\/comune.santacroce.pi.it\/oldsite\/wp-json\/wp\/v2\/media?parent=17252"}],"wp:term":[{"taxonomy":"category","embeddable":true,"href":"https:\/\/comune.santacroce.pi.it\/oldsite\/wp-json\/wp\/v2\/categories?post=17252"},{"taxonomy":"post_tag","embeddable":true,"href":"https:\/\/comune.santacroce.pi.it\/oldsite\/wp-json\/wp\/v2\/tags?post=17252"}],"curies":[{"name":"wp","href":"https:\/\/api.w.org\/{rel}","templated":true}]}}