{"id":17250,"date":"2020-11-14T10:55:41","date_gmt":"2020-11-14T09:55:41","guid":{"rendered":"https:\/\/comune.santacroce.pi.it\/oldsite\/?p=17250"},"modified":"2021-02-19T10:56:46","modified_gmt":"2021-02-19T09:56:46","slug":"toscana-in-zona-rossa-dal-15-novembre","status":"publish","type":"post","link":"https:\/\/comune.santacroce.pi.it\/oldsite\/toscana-in-zona-rossa-dal-15-novembre\/","title":{"rendered":"Toscana in zona rossa dal 15 novembre"},"content":{"rendered":"<p>La Toscana passa in zona rossa da domani, domenica 15 novembre 2020<\/p>\n<p>Il ministro della Salute ha firmato un&#8217;ordinanza che colloca la Regione Toscana in zona rossa a partire da domani, domenica 15 novembre 2020. Ecco le principali novit\u00e0.<\/p>\n<p><strong>SPOSTAMENTI<\/strong><br \/>\n\u00c8 vietato ogni spostamento in entrata e in uscita dalla Toscana.<br \/>\n\u00c8 vietato ogni spostamento, sia nello stesso comune che verso comuni limitrofi (inclusi quelli dell\u2019area gialla o arancione), ad eccezione degli spostamenti motivati da comprovate esigenze lavorative, situazioni di necessit\u00e0 (per esempio l\u2019acquisto di beni necessari) o motivi di salute.<br \/>\nSono consentiti gli spostamenti strettamente necessari ad assicurare lo svolgimento della didattica in presenza, se prevista.<br \/>\n\u00c8 consentito il rientro presso il proprio domicilio, abitazione o residenza.<\/p>\n<p><strong>COMMERCIO<\/strong><br \/>\nSono sospese le attivit\u00e0 commerciali al dettaglio, fatta eccezione per le attivit\u00e0 di vendita di generi alimentari e di prima necessit\u00e0 (si rimanda per questo all&#8217;allegato 23) sia nell\u2019ambito degli esercizi commerciali di vicinato, sia nell\u2019ambito della media e grande distribuzione, anche ricompresi nei centri commerciali.<br \/>\nConsentita la vendita con consegna a domicilio, a patto che vengano rispettate tutte le precauzioni anticovid.<\/p>\n<p><strong>MERCATI<\/strong><br \/>\nNei mercati \u00e8 consentita solo la vendita di soli generi alimentari.<\/p>\n<p><strong>BAR E RISTORANTI<\/strong><br \/>\nSono sospese le attivit\u00e0 di ristorazione.<br \/>\nResta consentita la sola ristorazione con consegna a domicilio e fino alle 22.00 la ristorazione con asporto.<\/p>\n<p><strong>SPORT<\/strong><br \/>\nSono vietate le attivit\u00e0 sportive anche svolte nei centri sportivi all\u2019aperto.<\/p>\n<p><strong>SCUOLA<\/strong><br \/>\nRimangono in presenza la scuola dell\u2019infanzia, la scuola primaria, i servizi educativi per l\u2019infanzia e il primo anno di frequenza della scuola secondaria di primo grado.<br \/>\nLe altre attivit\u00e0 didattiche, cio\u00e8 le seconde e le terze medie e scuole superiori si svolgono in modalit\u00e0 a distanza.<\/p>\n<p><strong>SERVIZI ALLA PERSONA<\/strong><br \/>\nSono sospese le attivit\u00e0 inerenti alla persona, tranne quelle individuate nell\u2019allegato 24 (lavanderie, lavanderie industriali, servizi di pompe funebri e attivit\u00e0 connesse, servizi dei saloni di barbiere e parrucchiere).<\/p>\n<p><strong>LAVORO<\/strong><br \/>\nI datori di lavoro pubblico limitano la presenza del personale nei luoghi di lavoro per assicurare esclusivamente le attivit\u00e0 indifferibili e che richiedono necessariamente tale presenza.<\/p>\n<p>Si invita, per una maggiore comprensione, a visitare i seguenti link:<\/p>\n<ul>\n<li>Dpcm del 3 novembre 2020 e allegati: http:\/\/www.governo.it\/node\/15617<\/li>\n<li>Faq sul sito del Governo: http:\/\/www.governo.it\/it\/articolo\/domande-frequenti-sulle-misure-adottate-dal-governo\/15638<\/li>\n<\/ul>\n","protected":false},"excerpt":{"rendered":"<p>La Toscana passa in zona rossa da domani, domenica 15 novembre 2020 Il ministro della Salute ha firmato un&#8217;ordinanza che colloca la Regione Toscana in zona rossa a partire da [&hellip;]<\/p>\n","protected":false},"author":10,"featured_media":13427,"comment_status":"closed","ping_status":"closed","sticky":false,"template":"","format":"standard","meta":{"footnotes":""},"categories":[160],"tags":[402],"class_list":["post-17250","post","type-post","status-publish","format-standard","has-post-thumbnail","hentry","category-pubblica-sicurezza","tag-covid-19"],"yoast_head":"<!-- This site is optimized with the Yoast SEO plugin v24.7 - https:\/\/yoast.com\/wordpress\/plugins\/seo\/ -->\n<title>Toscana in zona rossa dal 15 novembre - Comune di Santa Croce sull&#039;Arno<\/title>\n<meta name=\"robots\" content=\"index, follow, max-snippet:-1, max-image-preview:large, max-video-preview:-1\" \/>\n<link rel=\"canonical\" href=\"https:\/\/comune.santacroce.pi.it\/oldsite\/toscana-in-zona-rossa-dal-15-novembre\/\" \/>\n<meta property=\"og:locale\" content=\"it_IT\" \/>\n<meta property=\"og:type\" content=\"article\" \/>\n<meta property=\"og:title\" content=\"Toscana in zona rossa dal 15 novembre - Comune di Santa Croce sull&#039;Arno\" \/>\n<meta property=\"og:description\" content=\"La Toscana passa in zona rossa da domani, domenica 15 novembre 2020 Il ministro della Salute ha firmato un&#8217;ordinanza che colloca la Regione Toscana in zona rossa a partire da [&hellip;]\" \/>\n<meta property=\"og:url\" content=\"https:\/\/comune.santacroce.pi.it\/oldsite\/toscana-in-zona-rossa-dal-15-novembre\/\" \/>\n<meta property=\"og:site_name\" content=\"Comune di Santa Croce sull&#039;Arno\" \/>\n<meta property=\"article:published_time\" content=\"2020-11-14T09:55:41+00:00\" \/>\n<meta property=\"article:modified_time\" content=\"2021-02-19T09:56:46+00:00\" \/>\n<meta property=\"og:image\" content=\"https:\/\/comune.santacroce.pi.it\/oldsite\/wp-content\/uploads\/2018\/02\/PUBBLICA-SICUREZZA.png\" \/>\n\t<meta property=\"og:image:width\" content=\"800\" \/>\n\t<meta property=\"og:image:height\" content=\"600\" \/>\n\t<meta property=\"og:image:type\" content=\"image\/png\" \/>\n<meta name=\"author\" content=\"gestore\" \/>\n<meta name=\"twitter:card\" content=\"summary_large_image\" \/>\n<meta name=\"twitter:label1\" content=\"Scritto da\" \/>\n\t<meta name=\"twitter:data1\" content=\"gestore\" \/>\n\t<meta name=\"twitter:label2\" content=\"Tempo di lettura stimato\" \/>\n\t<meta name=\"twitter:data2\" content=\"2 minuti\" \/>\n<script type=\"application\/ld+json\" class=\"yoast-schema-graph\">{\"@context\":\"https:\/\/schema.org\",\"@graph\":[{\"@type\":\"Article\",\"@id\":\"https:\/\/comune.santacroce.pi.it\/oldsite\/toscana-in-zona-rossa-dal-15-novembre\/#article\",\"isPartOf\":{\"@id\":\"https:\/\/comune.santacroce.pi.it\/oldsite\/toscana-in-zona-rossa-dal-15-novembre\/\"},\"author\":{\"name\":\"gestore\",\"@id\":\"https:\/\/comune.santacroce.pi.it\/oldsite\/#\/schema\/person\/5212fa237eb523c5c88b1f51cae14ae4\"},\"headline\":\"Toscana in zona rossa dal 15 novembre\",\"datePublished\":\"2020-11-14T09:55:41+00:00\",\"dateModified\":\"2021-02-19T09:56:46+00:00\",\"mainEntityOfPage\":{\"@id\":\"https:\/\/comune.santacroce.pi.it\/oldsite\/toscana-in-zona-rossa-dal-15-novembre\/\"},\"wordCount\":375,\"publisher\":{\"@id\":\"https:\/\/comune.santacroce.pi.it\/oldsite\/#organization\"},\"image\":{\"@id\":\"https:\/\/comune.santacroce.pi.it\/oldsite\/toscana-in-zona-rossa-dal-15-novembre\/#primaryimage\"},\"thumbnailUrl\":\"https:\/\/comune.santacroce.pi.it\/oldsite\/wp-content\/uploads\/2018\/02\/PUBBLICA-SICUREZZA.png\",\"keywords\":[\"Covid-19\"],\"articleSection\":[\"Pubblica sicurezza\"],\"inLanguage\":\"it-IT\"},{\"@type\":\"WebPage\",\"@id\":\"https:\/\/comune.santacroce.pi.it\/oldsite\/toscana-in-zona-rossa-dal-15-novembre\/\",\"url\":\"https:\/\/comune.santacroce.pi.it\/oldsite\/toscana-in-zona-rossa-dal-15-novembre\/\",\"name\":\"Toscana in zona rossa dal 15 novembre - Comune di Santa Croce sull&#039;Arno\",\"isPartOf\":{\"@id\":\"https:\/\/comune.santacroce.pi.it\/oldsite\/#website\"},\"primaryImageOfPage\":{\"@id\":\"https:\/\/comune.santacroce.pi.it\/oldsite\/toscana-in-zona-rossa-dal-15-novembre\/#primaryimage\"},\"image\":{\"@id\":\"https:\/\/comune.santacroce.pi.it\/oldsite\/toscana-in-zona-rossa-dal-15-novembre\/#primaryimage\"},\"thumbnailUrl\":\"https:\/\/comune.santacroce.pi.it\/oldsite\/wp-content\/uploads\/2018\/02\/PUBBLICA-SICUREZZA.png\",\"datePublished\":\"2020-11-14T09:55:41+00:00\",\"dateModified\":\"2021-02-19T09:56:46+00:00\",\"breadcrumb\":{\"@id\":\"https:\/\/comune.santacroce.pi.it\/oldsite\/toscana-in-zona-rossa-dal-15-novembre\/#breadcrumb\"},\"inLanguage\":\"it-IT\",\"potentialAction\":[{\"@type\":\"ReadAction\",\"target\":[\"https:\/\/comune.santacroce.pi.it\/oldsite\/toscana-in-zona-rossa-dal-15-novembre\/\"]}]},{\"@type\":\"ImageObject\",\"inLanguage\":\"it-IT\",\"@id\":\"https:\/\/comune.santacroce.pi.it\/oldsite\/toscana-in-zona-rossa-dal-15-novembre\/#primaryimage\",\"url\":\"https:\/\/comune.santacroce.pi.it\/oldsite\/wp-content\/uploads\/2018\/02\/PUBBLICA-SICUREZZA.png\",\"contentUrl\":\"https:\/\/comune.santacroce.pi.it\/oldsite\/wp-content\/uploads\/2018\/02\/PUBBLICA-SICUREZZA.png\",\"width\":800,\"height\":600},{\"@type\":\"BreadcrumbList\",\"@id\":\"https:\/\/comune.santacroce.pi.it\/oldsite\/toscana-in-zona-rossa-dal-15-novembre\/#breadcrumb\",\"itemListElement\":[{\"@type\":\"ListItem\",\"position\":1,\"name\":\"Home\",\"item\":\"https:\/\/comune.santacroce.pi.it\/oldsite\/\"},{\"@type\":\"ListItem\",\"position\":2,\"name\":\"Toscana in zona rossa dal 15 novembre\"}]},{\"@type\":\"WebSite\",\"@id\":\"https:\/\/comune.santacroce.pi.it\/oldsite\/#website\",\"url\":\"https:\/\/comune.santacroce.pi.it\/oldsite\/\",\"name\":\"Comune di Santa Croce sull&#039;Arno\",\"description\":\"Provincia di Pisa\",\"publisher\":{\"@id\":\"https:\/\/comune.santacroce.pi.it\/oldsite\/#organization\"},\"potentialAction\":[{\"@type\":\"SearchAction\",\"target\":{\"@type\":\"EntryPoint\",\"urlTemplate\":\"https:\/\/comune.santacroce.pi.it\/oldsite\/?s={search_term_string}\"},\"query-input\":{\"@type\":\"PropertyValueSpecification\",\"valueRequired\":true,\"valueName\":\"search_term_string\"}}],\"inLanguage\":\"it-IT\"},{\"@type\":\"Organization\",\"@id\":\"https:\/\/comune.santacroce.pi.it\/oldsite\/#organization\",\"name\":\"Comune di Santa Croce sull'Arno\",\"url\":\"https:\/\/comune.santacroce.pi.it\/oldsite\/\",\"logo\":{\"@type\":\"ImageObject\",\"inLanguage\":\"it-IT\",\"@id\":\"https:\/\/comune.santacroce.pi.it\/oldsite\/#\/schema\/logo\/image\/\",\"url\":\"https:\/\/comune.santacroce.pi.it\/oldsite\/wp-content\/uploads\/2021\/02\/cropped-Stemma-Santa-Croce-dellArno_500-1.png\",\"contentUrl\":\"https:\/\/comune.santacroce.pi.it\/oldsite\/wp-content\/uploads\/2021\/02\/cropped-Stemma-Santa-Croce-dellArno_500-1.png\",\"width\":500,\"height\":500,\"caption\":\"Comune di Santa Croce sull'Arno\"},\"image\":{\"@id\":\"https:\/\/comune.santacroce.pi.it\/oldsite\/#\/schema\/logo\/image\/\"}},{\"@type\":\"Person\",\"@id\":\"https:\/\/comune.santacroce.pi.it\/oldsite\/#\/schema\/person\/5212fa237eb523c5c88b1f51cae14ae4\",\"name\":\"gestore\",\"image\":{\"@type\":\"ImageObject\",\"inLanguage\":\"it-IT\",\"@id\":\"https:\/\/comune.santacroce.pi.it\/oldsite\/#\/schema\/person\/image\/\",\"url\":\"https:\/\/secure.gravatar.com\/avatar\/0759b03a30f73df39010a5fcb1380615?s=96&d=mm&r=g\",\"contentUrl\":\"https:\/\/secure.gravatar.com\/avatar\/0759b03a30f73df39010a5fcb1380615?s=96&d=mm&r=g\",\"caption\":\"gestore\"},\"url\":\"https:\/\/comune.santacroce.pi.it\/oldsite\/author\/gestore\/\"}]}<\/script>\n<!-- \/ Yoast SEO plugin. -->","yoast_head_json":{"title":"Toscana in zona rossa dal 15 novembre - Comune di Santa Croce sull&#039;Arno","robots":{"index":"index","follow":"follow","max-snippet":"max-snippet:-1","max-image-preview":"max-image-preview:large","max-video-preview":"max-video-preview:-1"},"canonical":"https:\/\/comune.santacroce.pi.it\/oldsite\/toscana-in-zona-rossa-dal-15-novembre\/","og_locale":"it_IT","og_type":"article","og_title":"Toscana in zona rossa dal 15 novembre - Comune di Santa Croce sull&#039;Arno","og_description":"La Toscana passa in zona rossa da domani, domenica 15 novembre 2020 Il ministro della Salute ha firmato un&#8217;ordinanza che colloca la Regione Toscana in zona rossa a partire da [&hellip;]","og_url":"https:\/\/comune.santacroce.pi.it\/oldsite\/toscana-in-zona-rossa-dal-15-novembre\/","og_site_name":"Comune di Santa Croce sull&#039;Arno","article_published_time":"2020-11-14T09:55:41+00:00","article_modified_time":"2021-02-19T09:56:46+00:00","og_image":[{"width":800,"height":600,"url":"https:\/\/comune.santacroce.pi.it\/oldsite\/wp-content\/uploads\/2018\/02\/PUBBLICA-SICUREZZA.png","type":"image\/png"}],"author":"gestore","twitter_card":"summary_large_image","twitter_misc":{"Scritto da":"gestore","Tempo di lettura stimato":"2 minuti"},"schema":{"@context":"https:\/\/schema.org","@graph":[{"@type":"Article","@id":"https:\/\/comune.santacroce.pi.it\/oldsite\/toscana-in-zona-rossa-dal-15-novembre\/#article","isPartOf":{"@id":"https:\/\/comune.santacroce.pi.it\/oldsite\/toscana-in-zona-rossa-dal-15-novembre\/"},"author":{"name":"gestore","@id":"https:\/\/comune.santacroce.pi.it\/oldsite\/#\/schema\/person\/5212fa237eb523c5c88b1f51cae14ae4"},"headline":"Toscana in zona rossa dal 15 novembre","datePublished":"2020-11-14T09:55:41+00:00","dateModified":"2021-02-19T09:56:46+00:00","mainEntityOfPage":{"@id":"https:\/\/comune.santacroce.pi.it\/oldsite\/toscana-in-zona-rossa-dal-15-novembre\/"},"wordCount":375,"publisher":{"@id":"https:\/\/comune.santacroce.pi.it\/oldsite\/#organization"},"image":{"@id":"https:\/\/comune.santacroce.pi.it\/oldsite\/toscana-in-zona-rossa-dal-15-novembre\/#primaryimage"},"thumbnailUrl":"https:\/\/comune.santacroce.pi.it\/oldsite\/wp-content\/uploads\/2018\/02\/PUBBLICA-SICUREZZA.png","keywords":["Covid-19"],"articleSection":["Pubblica sicurezza"],"inLanguage":"it-IT"},{"@type":"WebPage","@id":"https:\/\/comune.santacroce.pi.it\/oldsite\/toscana-in-zona-rossa-dal-15-novembre\/","url":"https:\/\/comune.santacroce.pi.it\/oldsite\/toscana-in-zona-rossa-dal-15-novembre\/","name":"Toscana in zona rossa dal 15 novembre - Comune di Santa Croce sull&#039;Arno","isPartOf":{"@id":"https:\/\/comune.santacroce.pi.it\/oldsite\/#website"},"primaryImageOfPage":{"@id":"https:\/\/comune.santacroce.pi.it\/oldsite\/toscana-in-zona-rossa-dal-15-novembre\/#primaryimage"},"image":{"@id":"https:\/\/comune.santacroce.pi.it\/oldsite\/toscana-in-zona-rossa-dal-15-novembre\/#primaryimage"},"thumbnailUrl":"https:\/\/comune.santacroce.pi.it\/oldsite\/wp-content\/uploads\/2018\/02\/PUBBLICA-SICUREZZA.png","datePublished":"2020-11-14T09:55:41+00:00","dateModified":"2021-02-19T09:56:46+00:00","breadcrumb":{"@id":"https:\/\/comune.santacroce.pi.it\/oldsite\/toscana-in-zona-rossa-dal-15-novembre\/#breadcrumb"},"inLanguage":"it-IT","potentialAction":[{"@type":"ReadAction","target":["https:\/\/comune.santacroce.pi.it\/oldsite\/toscana-in-zona-rossa-dal-15-novembre\/"]}]},{"@type":"ImageObject","inLanguage":"it-IT","@id":"https:\/\/comune.santacroce.pi.it\/oldsite\/toscana-in-zona-rossa-dal-15-novembre\/#primaryimage","url":"https:\/\/comune.santacroce.pi.it\/oldsite\/wp-content\/uploads\/2018\/02\/PUBBLICA-SICUREZZA.png","contentUrl":"https:\/\/comune.santacroce.pi.it\/oldsite\/wp-content\/uploads\/2018\/02\/PUBBLICA-SICUREZZA.png","width":800,"height":600},{"@type":"BreadcrumbList","@id":"https:\/\/comune.santacroce.pi.it\/oldsite\/toscana-in-zona-rossa-dal-15-novembre\/#breadcrumb","itemListElement":[{"@type":"ListItem","position":1,"name":"Home","item":"https:\/\/comune.santacroce.pi.it\/oldsite\/"},{"@type":"ListItem","position":2,"name":"Toscana in zona rossa dal 15 novembre"}]},{"@type":"WebSite","@id":"https:\/\/comune.santacroce.pi.it\/oldsite\/#website","url":"https:\/\/comune.santacroce.pi.it\/oldsite\/","name":"Comune di Santa Croce sull&#039;Arno","description":"Provincia di Pisa","publisher":{"@id":"https:\/\/comune.santacroce.pi.it\/oldsite\/#organization"},"potentialAction":[{"@type":"SearchAction","target":{"@type":"EntryPoint","urlTemplate":"https:\/\/comune.santacroce.pi.it\/oldsite\/?s={search_term_string}"},"query-input":{"@type":"PropertyValueSpecification","valueRequired":true,"valueName":"search_term_string"}}],"inLanguage":"it-IT"},{"@type":"Organization","@id":"https:\/\/comune.santacroce.pi.it\/oldsite\/#organization","name":"Comune di Santa Croce sull'Arno","url":"https:\/\/comune.santacroce.pi.it\/oldsite\/","logo":{"@type":"ImageObject","inLanguage":"it-IT","@id":"https:\/\/comune.santacroce.pi.it\/oldsite\/#\/schema\/logo\/image\/","url":"https:\/\/comune.santacroce.pi.it\/oldsite\/wp-content\/uploads\/2021\/02\/cropped-Stemma-Santa-Croce-dellArno_500-1.png","contentUrl":"https:\/\/comune.santacroce.pi.it\/oldsite\/wp-content\/uploads\/2021\/02\/cropped-Stemma-Santa-Croce-dellArno_500-1.png","width":500,"height":500,"caption":"Comune di Santa Croce sull'Arno"},"image":{"@id":"https:\/\/comune.santacroce.pi.it\/oldsite\/#\/schema\/logo\/image\/"}},{"@type":"Person","@id":"https:\/\/comune.santacroce.pi.it\/oldsite\/#\/schema\/person\/5212fa237eb523c5c88b1f51cae14ae4","name":"gestore","image":{"@type":"ImageObject","inLanguage":"it-IT","@id":"https:\/\/comune.santacroce.pi.it\/oldsite\/#\/schema\/person\/image\/","url":"https:\/\/secure.gravatar.com\/avatar\/0759b03a30f73df39010a5fcb1380615?s=96&d=mm&r=g","contentUrl":"https:\/\/secure.gravatar.com\/avatar\/0759b03a30f73df39010a5fcb1380615?s=96&d=mm&r=g","caption":"gestore"},"url":"https:\/\/comune.santacroce.pi.it\/oldsite\/author\/gestore\/"}]}},"jetpack_featured_media_url":"https:\/\/comune.santacroce.pi.it\/oldsite\/wp-content\/uploads\/2018\/02\/PUBBLICA-SICUREZZA.png","meta_box":{"comunicacity_sync":"","cc4_urg_colore":"","cc4_urg_data_inizio":"","cc4_urg_data_fine":"","cc4_cor_positivi_oggi":"","cc4_cor_negativizzati_oggi":"","cc4_cor_deceduti_oggi":"","cc4_cor_positivi_totali":"","cc4_cor_negativizzati_totali":"","cc4_cor_deceduti_totali":"","cc4_cor_attualmente_positivi":"","cc4_eve_data_inizio":"","cc4_eve_data_fine":"","cc4_eve_indirizzo":"","cc4_eve_posizione":{"latitude":"","longitude":"","zoom":""},"cc4_eve_telefono":"","cc4_eve_email":"","cc4_eve_web":"","cc4_eve_fb":""},"_links":{"self":[{"href":"https:\/\/comune.santacroce.pi.it\/oldsite\/wp-json\/wp\/v2\/posts\/17250","targetHints":{"allow":["GET"]}}],"collection":[{"href":"https:\/\/comune.santacroce.pi.it\/oldsite\/wp-json\/wp\/v2\/posts"}],"about":[{"href":"https:\/\/comune.santacroce.pi.it\/oldsite\/wp-json\/wp\/v2\/types\/post"}],"author":[{"embeddable":true,"href":"https:\/\/comune.santacroce.pi.it\/oldsite\/wp-json\/wp\/v2\/users\/10"}],"replies":[{"embeddable":true,"href":"https:\/\/comune.santacroce.pi.it\/oldsite\/wp-json\/wp\/v2\/comments?post=17250"}],"version-history":[{"count":0,"href":"https:\/\/comune.santacroce.pi.it\/oldsite\/wp-json\/wp\/v2\/posts\/17250\/revisions"}],"wp:featuredmedia":[{"embeddable":true,"href":"https:\/\/comune.santacroce.pi.it\/oldsite\/wp-json\/wp\/v2\/media\/13427"}],"wp:attachment":[{"href":"https:\/\/comune.santacroce.pi.it\/oldsite\/wp-json\/wp\/v2\/media?parent=17250"}],"wp:term":[{"taxonomy":"category","embeddable":true,"href":"https:\/\/comune.santacroce.pi.it\/oldsite\/wp-json\/wp\/v2\/categories?post=17250"},{"taxonomy":"post_tag","embeddable":true,"href":"https:\/\/comune.santacroce.pi.it\/oldsite\/wp-json\/wp\/v2\/tags?post=17250"}],"curies":[{"name":"wp","href":"https:\/\/api.w.org\/{rel}","templated":true}]}}