{"id":17242,"date":"2020-12-05T10:51:34","date_gmt":"2020-12-05T09:51:34","guid":{"rendered":"https:\/\/comune.santacroce.pi.it\/oldsite\/?p=17242"},"modified":"2021-02-19T10:52:50","modified_gmt":"2021-02-19T09:52:50","slug":"sintesi-dei-provvedimenti-degli-ultimi-giorni-nuovo-dpcm-di-conte-toscana-arancione-dal-6-dicembre-nuova-ordinanza-regionale-di-giani","status":"publish","type":"post","link":"https:\/\/comune.santacroce.pi.it\/oldsite\/sintesi-dei-provvedimenti-degli-ultimi-giorni-nuovo-dpcm-di-conte-toscana-arancione-dal-6-dicembre-nuova-ordinanza-regionale-di-giani\/","title":{"rendered":"Sintesi dei provvedimenti degli ultimi giorni: Nuovo Dpcm di Conte, Toscana arancione dal 6 dicembre, Nuova ordinanza regionale di Giani"},"content":{"rendered":"<p>Si prega di fare attenzione a quanto segue. Le novit\u00e0 introdotte sono molte, quindi si raccomanda di leggere e rispettare le nuove indicazioni.<\/p>\n<h2>PARTE 1 Conte firma nuovo Dpcm per regolamentare gli spostamenti durante le Feste.<\/h2>\n<p><strong>FESTIVIT\u00c0 2020-2021. SPOSTAMENTI<\/strong><br \/>\nDal 21 dicembre 2020 al 6 gennaio 2021\u00e8 vietato lo spostamento tra Regioni.<br \/>\nNelle giornate del 25 dicembre 2020, 26 dicembre 2020 e 1\u00b0 gennaio 2021 \u00e8 vietato anche lo spostamento tra Comuni.<br \/>\nSono consentiti gli spostamenti per motivi di lavoro, salute o necessit\u00e0.<br \/>\n\u00c8 consentito il rientro presso la propria residenza, domicilio o abitazione, ma non ci si pu\u00f2 spostare nelle seconde case ubicate in un\u2019altra Regione o Provincia autonoma.<\/p>\n<h2>PARTE 2 Il ministro Speranza firma l\u2019ordinanza: la Toscana torna in zona arancio da domenica 6 dicembre 2020<\/h2>\n<p><strong>SPOSTAMENTI IN GENERALE<\/strong><br \/>\nVietati gli spostamenti tra regioni tranne che per motivi di lavoro, salute o necessit\u00e0.<br \/>\nVietati gli spostamenti tra comuni, tranne che per motivi di lavoro, salute o necessit\u00e0 o per usufruire di servizi non sospesi e non disponibili nel proprio comune.<br \/>\nDalle 22.00 alle 5.00 del giorno successivo non ci si deve spostare se non per motivi di lavoro, salute o necessit\u00e0.<br \/>\nE\u2019 consentito il rientro presso il proprio domicilio abitazione o residenza.<\/p>\n<p><strong>Modello di autocertificazione<\/strong><br \/>\nIl modello di autocertificazione \u00e8 disponibile qui: <a href=\"https:\/\/www.interno.gov.it\/sites\/default\/files\/2020-10\/modello_autodichiarazione_editabile_ottobre_2020.pdf\">https:\/\/www.interno.gov.it\/sites\/default\/files\/2020-10\/modello_autodichiarazione_editabile_ottobre_2020.pdf<\/a><\/p>\n<p><strong>RISTORAZIONE<\/strong><br \/>\nLe attivit\u00e0 di ristorazione (fra cui bar, pub, ristoranti, gelaterie, pasticcerie) sono chiuse e possono fare asporto fino alle 22.00 e consegna a domicilio.<br \/>\nSono aperte le mense e il catering continuativo, a patto che adottino e rispettino protocolli anticontagio.<\/p>\n<p><strong>SERVIZI ALLA PERSONA<\/strong><br \/>\nLe attivit\u00e0 di servizi alla persona possono restare aperte.<\/p>\n<p><strong>ATTIVIT\u00c0 COMMERCIALI<\/strong><br \/>\nLe attivit\u00e0 commerciali al dettaglio si svolgono a condizione che siano assicurati:<br \/>\n&#8211; distanza;<br \/>\n&#8211; ingressi dilazionati;<br \/>\n&#8211; una permanenza all\u2019interno dei locali non inutilmente prolungata;<br \/>\n&#8211; protocolli anticontagio.<br \/>\nNelle giornate festive e prefestive sono chiusi i centri commerciali, ad eccezione di farmacie, parafarmacie, presidi sanitari, punti vendita alimentari e\/o di prodotti agricoli, tabacchi, edicole.<br \/>\nFino al 6 gennaio 2021, i negozi possono restare aperti fino alle 21.00.<\/p>\n<p><strong>SCUOLA E FORMAZIONE<\/strong><br \/>\nLe attivit\u00e0 delle scuole dell\u2019Infanzia e primaria, nonch\u00e9 quelle della secondaria di primo grado si svolgono in presenza.<br \/>\nPer le istituzioni scolastiche secondarie di secondo grado \u00e8 prevista la didattica digitale integrata al 100% fino alle vacanze natalizie.<br \/>\nDal 7 gennaio 2021 \u00e8 previsto il 75% delle attivit\u00e0 didattiche in presenza.<\/p>\n<p><strong>BIBLIOTECHE E ARCHIVI<\/strong><br \/>\nBiblioteche e archivi possono restare aperti, ma vi si accede soltanto su prenotazione.<\/p>\n<p><strong>SPORT<\/strong><br \/>\n\u00c8 consentito svolgere attivit\u00e0 sportiva o motoria all\u2019aperto, anche presso aree attrezzate e parchi pubblici, ove accessibili, purch\u00e9 nel rispetto della distanza interpersonale di almeno due metri per l\u2019attivit\u00e0 sportiva e di un metro per ogni altra attivit\u00e0, salvo che non sia necessaria la presenza di un accompagnatore per i minori o le persone non completamente autosufficienti.<br \/>\nConsentiti soltanto eventi e competizioni riguardanti sport individuali e di squadra di livello agonistico e riconosciuti di preminente interesse nazionale con provvedimento del Coni e del Cip. Tali eventi dovranno svolgersi a porte chiuse, cos\u00ec come gli allenamenti.<\/p>\n<hr \/>\n<h2>PARTE 3 Giani firma una nuova ordinanza regionale.<\/h2>\n<p>Il Presidente Giani ha firmato una nuova ordinanza che regola gli spostamenti e le attivit\u00e0 in vigore da domani.<\/p>\n<p>Ecco i dettagli:<\/p>\n<p>Sono consentiti gli spostamenti in un comune diverso da quello di residenza, domicilio o abitazione:<\/p>\n<ul>\n<li>In comuni limitrofi per prodotti necessari alle proprie esigenze o per maggiore convenienza economica, anche per accedere ai ristoranti con asporto;<\/li>\n<li>In comuni limitrofi per usufruire, in caso di rapporto fiduciario consolidato, di attivit\u00e0 e servizi alla persona (ad esempio parrucchieri, estetisti, carrozzieri)<\/li>\n<li>Per andare a trovare, anche in comuni di aree differenti, i figli presso l\u2019altro genitore;<\/li>\n<li>Per la cura dei terreni e l\u2019attivit\u00e0 diretta alla produzione per autoconsumo;<\/li>\n<li>Per raggiungere seconde case, camper o roulotte, imbarcazioni di propriet\u00e0 per manutenzione e riparazione necessarie e urgenti in tutta la Regione;<\/li>\n<li>Per attivit\u00e0 di raccolti tartufi e funghi a titolo professionale;<\/li>\n<li>Per accudire gli animali allevati.<\/li>\n<\/ul>\n<p>\u00c8 consentito svolgere:<\/p>\n<ul>\n<li>Attivit\u00e0 dei centri estetici;<\/li>\n<li>Attivit\u00e0 da parte degli esercizi di toelettatura degli animali;<\/li>\n<li>Attivit\u00e0 di controllo faunistico ai sensi dell\u2019art 37 della LR 3\/1994 e nel rispetto delle condizioni previste;<\/li>\n<li>Attivit\u00e0 venatoria nel comune di residenza, domicilio o abitazione, nell\u2019ATC di residenza venatoria e negli appostamenti fissi autorizzati dalla Regione;<\/li>\n<li>Attivit\u00e0 di pesca sportiva e dilettantistica nella propria provincia di residenza, domicilio o abitazione in forma individuale.<\/li>\n<\/ul>\n<p>Per i centri culturali, centri sociali e centri ricreativi \u00e8 consentito, esclusivamente a favore dei rispettivi associati, effettuare la ristorazione con consegna a domicilio nel rispetto delle norme igienico-sanitarie, nonch\u00e9 fino alle ore 22,00 la ristorazione con asporto, con divieto di consumazione sul posto o nelle vicinanze.<\/p>\n<p>Per l&#8217;accesso ai servizi delle biblioteche la prenotazione pu\u00f2 essere effettuata a distanza oppure direttamente sul posto prima di accedere al servizio.<\/p>\n<p>Le attivit\u00e0 motorie e di sport di base presso centri e circoli sportivi possono essere svolte all&#8217;aperto.<\/p>\n<p>Il rientro presso residenza, domicilio, abitazione dalle zone arancioni e rosse \u00e8 consentito solo per coloro che hanno sul territorio regionale il proprio medico di medicina generale o il pediatra di famiglia. Sono comunque consentiti i rientri motivati da comprovate esigenze lavorative, situazioni di necessit\u00e0, per motivi di salute o di studio.<\/p>\n<p>Nei corsi di formazione professionale sono consentite in presenza le attivit\u00e0 di laboratorio e gli stage. Tutte le altre attivit\u00e0 si svolgono a distanza. L\u2019attivit\u00e0 di scuole di musica, di pittura, di fotografia, di teatro, di lingue straniere e altri corsi, compresi gli eventuali esami, \u00e8 svolta a distanza se collettiva o in presenza se individuale. Le attivit\u00e0 destinate ai bambini e ai ragazzi pu\u00f2 essere svolta in maniera collettiva.<\/p>\n<p>Gli spostamenti devono essere autocertificati indicando tutti gli elementi necessari per la relativa verifica.<\/p>\n","protected":false},"excerpt":{"rendered":"<p>Si prega di fare attenzione a quanto segue. Le novit\u00e0 introdotte sono molte, quindi si raccomanda di leggere e rispettare le nuove indicazioni. PARTE 1 Conte firma nuovo Dpcm per [&hellip;]<\/p>\n","protected":false},"author":10,"featured_media":12407,"comment_status":"closed","ping_status":"closed","sticky":false,"template":"","format":"standard","meta":{"footnotes":""},"categories":[1],"tags":[402],"class_list":["post-17242","post","type-post","status-publish","format-standard","has-post-thumbnail","hentry","category-notizie-e-informazioni","tag-covid-19"],"yoast_head":"<!-- This site is optimized with the Yoast SEO plugin v24.7 - https:\/\/yoast.com\/wordpress\/plugins\/seo\/ -->\n<title>Sintesi dei provvedimenti degli ultimi giorni: Nuovo Dpcm di Conte, Toscana arancione dal 6 dicembre, Nuova ordinanza regionale di Giani - Comune di Santa Croce sull&#039;Arno<\/title>\n<meta name=\"robots\" content=\"index, follow, max-snippet:-1, max-image-preview:large, max-video-preview:-1\" \/>\n<link rel=\"canonical\" href=\"https:\/\/comune.santacroce.pi.it\/oldsite\/sintesi-dei-provvedimenti-degli-ultimi-giorni-nuovo-dpcm-di-conte-toscana-arancione-dal-6-dicembre-nuova-ordinanza-regionale-di-giani\/\" \/>\n<meta property=\"og:locale\" content=\"it_IT\" \/>\n<meta property=\"og:type\" content=\"article\" \/>\n<meta property=\"og:title\" content=\"Sintesi dei provvedimenti degli ultimi giorni: Nuovo Dpcm di Conte, Toscana arancione dal 6 dicembre, Nuova ordinanza regionale di Giani - Comune di Santa Croce sull&#039;Arno\" \/>\n<meta property=\"og:description\" content=\"Si prega di fare attenzione a quanto segue. Le novit\u00e0 introdotte sono molte, quindi si raccomanda di leggere e rispettare le nuove indicazioni. PARTE 1 Conte firma nuovo Dpcm per [&hellip;]\" \/>\n<meta property=\"og:url\" content=\"https:\/\/comune.santacroce.pi.it\/oldsite\/sintesi-dei-provvedimenti-degli-ultimi-giorni-nuovo-dpcm-di-conte-toscana-arancione-dal-6-dicembre-nuova-ordinanza-regionale-di-giani\/\" \/>\n<meta property=\"og:site_name\" content=\"Comune di Santa Croce sull&#039;Arno\" \/>\n<meta property=\"article:published_time\" content=\"2020-12-05T09:51:34+00:00\" \/>\n<meta property=\"article:modified_time\" content=\"2021-02-19T09:52:50+00:00\" \/>\n<meta property=\"og:image\" content=\"https:\/\/comune.santacroce.pi.it\/oldsite\/wp-content\/uploads\/2017\/11\/Notizie-ed-informazioni.png\" \/>\n\t<meta property=\"og:image:width\" content=\"800\" \/>\n\t<meta property=\"og:image:height\" content=\"600\" \/>\n\t<meta property=\"og:image:type\" content=\"image\/png\" \/>\n<meta name=\"author\" content=\"gestore\" \/>\n<meta name=\"twitter:card\" content=\"summary_large_image\" \/>\n<meta name=\"twitter:label1\" content=\"Scritto da\" \/>\n\t<meta name=\"twitter:data1\" content=\"gestore\" \/>\n\t<meta name=\"twitter:label2\" content=\"Tempo di lettura stimato\" \/>\n\t<meta name=\"twitter:data2\" content=\"5 minuti\" \/>\n<script type=\"application\/ld+json\" class=\"yoast-schema-graph\">{\"@context\":\"https:\/\/schema.org\",\"@graph\":[{\"@type\":\"Article\",\"@id\":\"https:\/\/comune.santacroce.pi.it\/oldsite\/sintesi-dei-provvedimenti-degli-ultimi-giorni-nuovo-dpcm-di-conte-toscana-arancione-dal-6-dicembre-nuova-ordinanza-regionale-di-giani\/#article\",\"isPartOf\":{\"@id\":\"https:\/\/comune.santacroce.pi.it\/oldsite\/sintesi-dei-provvedimenti-degli-ultimi-giorni-nuovo-dpcm-di-conte-toscana-arancione-dal-6-dicembre-nuova-ordinanza-regionale-di-giani\/\"},\"author\":{\"name\":\"gestore\",\"@id\":\"https:\/\/comune.santacroce.pi.it\/oldsite\/#\/schema\/person\/5212fa237eb523c5c88b1f51cae14ae4\"},\"headline\":\"Sintesi dei provvedimenti degli ultimi giorni: Nuovo Dpcm di Conte, Toscana arancione dal 6 dicembre, Nuova ordinanza regionale di Giani\",\"datePublished\":\"2020-12-05T09:51:34+00:00\",\"dateModified\":\"2021-02-19T09:52:50+00:00\",\"mainEntityOfPage\":{\"@id\":\"https:\/\/comune.santacroce.pi.it\/oldsite\/sintesi-dei-provvedimenti-degli-ultimi-giorni-nuovo-dpcm-di-conte-toscana-arancione-dal-6-dicembre-nuova-ordinanza-regionale-di-giani\/\"},\"wordCount\":955,\"publisher\":{\"@id\":\"https:\/\/comune.santacroce.pi.it\/oldsite\/#organization\"},\"image\":{\"@id\":\"https:\/\/comune.santacroce.pi.it\/oldsite\/sintesi-dei-provvedimenti-degli-ultimi-giorni-nuovo-dpcm-di-conte-toscana-arancione-dal-6-dicembre-nuova-ordinanza-regionale-di-giani\/#primaryimage\"},\"thumbnailUrl\":\"https:\/\/comune.santacroce.pi.it\/oldsite\/wp-content\/uploads\/2017\/11\/Notizie-ed-informazioni.png\",\"keywords\":[\"Covid-19\"],\"articleSection\":[\"Notizie e informazioni\"],\"inLanguage\":\"it-IT\"},{\"@type\":\"WebPage\",\"@id\":\"https:\/\/comune.santacroce.pi.it\/oldsite\/sintesi-dei-provvedimenti-degli-ultimi-giorni-nuovo-dpcm-di-conte-toscana-arancione-dal-6-dicembre-nuova-ordinanza-regionale-di-giani\/\",\"url\":\"https:\/\/comune.santacroce.pi.it\/oldsite\/sintesi-dei-provvedimenti-degli-ultimi-giorni-nuovo-dpcm-di-conte-toscana-arancione-dal-6-dicembre-nuova-ordinanza-regionale-di-giani\/\",\"name\":\"Sintesi dei provvedimenti degli ultimi giorni: Nuovo Dpcm di Conte, Toscana arancione dal 6 dicembre, Nuova ordinanza regionale di Giani - Comune di Santa Croce sull&#039;Arno\",\"isPartOf\":{\"@id\":\"https:\/\/comune.santacroce.pi.it\/oldsite\/#website\"},\"primaryImageOfPage\":{\"@id\":\"https:\/\/comune.santacroce.pi.it\/oldsite\/sintesi-dei-provvedimenti-degli-ultimi-giorni-nuovo-dpcm-di-conte-toscana-arancione-dal-6-dicembre-nuova-ordinanza-regionale-di-giani\/#primaryimage\"},\"image\":{\"@id\":\"https:\/\/comune.santacroce.pi.it\/oldsite\/sintesi-dei-provvedimenti-degli-ultimi-giorni-nuovo-dpcm-di-conte-toscana-arancione-dal-6-dicembre-nuova-ordinanza-regionale-di-giani\/#primaryimage\"},\"thumbnailUrl\":\"https:\/\/comune.santacroce.pi.it\/oldsite\/wp-content\/uploads\/2017\/11\/Notizie-ed-informazioni.png\",\"datePublished\":\"2020-12-05T09:51:34+00:00\",\"dateModified\":\"2021-02-19T09:52:50+00:00\",\"breadcrumb\":{\"@id\":\"https:\/\/comune.santacroce.pi.it\/oldsite\/sintesi-dei-provvedimenti-degli-ultimi-giorni-nuovo-dpcm-di-conte-toscana-arancione-dal-6-dicembre-nuova-ordinanza-regionale-di-giani\/#breadcrumb\"},\"inLanguage\":\"it-IT\",\"potentialAction\":[{\"@type\":\"ReadAction\",\"target\":[\"https:\/\/comune.santacroce.pi.it\/oldsite\/sintesi-dei-provvedimenti-degli-ultimi-giorni-nuovo-dpcm-di-conte-toscana-arancione-dal-6-dicembre-nuova-ordinanza-regionale-di-giani\/\"]}]},{\"@type\":\"ImageObject\",\"inLanguage\":\"it-IT\",\"@id\":\"https:\/\/comune.santacroce.pi.it\/oldsite\/sintesi-dei-provvedimenti-degli-ultimi-giorni-nuovo-dpcm-di-conte-toscana-arancione-dal-6-dicembre-nuova-ordinanza-regionale-di-giani\/#primaryimage\",\"url\":\"https:\/\/comune.santacroce.pi.it\/oldsite\/wp-content\/uploads\/2017\/11\/Notizie-ed-informazioni.png\",\"contentUrl\":\"https:\/\/comune.santacroce.pi.it\/oldsite\/wp-content\/uploads\/2017\/11\/Notizie-ed-informazioni.png\",\"width\":800,\"height\":600},{\"@type\":\"BreadcrumbList\",\"@id\":\"https:\/\/comune.santacroce.pi.it\/oldsite\/sintesi-dei-provvedimenti-degli-ultimi-giorni-nuovo-dpcm-di-conte-toscana-arancione-dal-6-dicembre-nuova-ordinanza-regionale-di-giani\/#breadcrumb\",\"itemListElement\":[{\"@type\":\"ListItem\",\"position\":1,\"name\":\"Home\",\"item\":\"https:\/\/comune.santacroce.pi.it\/oldsite\/\"},{\"@type\":\"ListItem\",\"position\":2,\"name\":\"Sintesi dei provvedimenti degli ultimi giorni: Nuovo Dpcm di Conte, Toscana arancione dal 6 dicembre, Nuova ordinanza regionale di Giani\"}]},{\"@type\":\"WebSite\",\"@id\":\"https:\/\/comune.santacroce.pi.it\/oldsite\/#website\",\"url\":\"https:\/\/comune.santacroce.pi.it\/oldsite\/\",\"name\":\"Comune di Santa Croce sull&#039;Arno\",\"description\":\"Provincia di Pisa\",\"publisher\":{\"@id\":\"https:\/\/comune.santacroce.pi.it\/oldsite\/#organization\"},\"potentialAction\":[{\"@type\":\"SearchAction\",\"target\":{\"@type\":\"EntryPoint\",\"urlTemplate\":\"https:\/\/comune.santacroce.pi.it\/oldsite\/?s={search_term_string}\"},\"query-input\":{\"@type\":\"PropertyValueSpecification\",\"valueRequired\":true,\"valueName\":\"search_term_string\"}}],\"inLanguage\":\"it-IT\"},{\"@type\":\"Organization\",\"@id\":\"https:\/\/comune.santacroce.pi.it\/oldsite\/#organization\",\"name\":\"Comune di Santa Croce sull'Arno\",\"url\":\"https:\/\/comune.santacroce.pi.it\/oldsite\/\",\"logo\":{\"@type\":\"ImageObject\",\"inLanguage\":\"it-IT\",\"@id\":\"https:\/\/comune.santacroce.pi.it\/oldsite\/#\/schema\/logo\/image\/\",\"url\":\"https:\/\/comune.santacroce.pi.it\/oldsite\/wp-content\/uploads\/2021\/02\/cropped-Stemma-Santa-Croce-dellArno_500-1.png\",\"contentUrl\":\"https:\/\/comune.santacroce.pi.it\/oldsite\/wp-content\/uploads\/2021\/02\/cropped-Stemma-Santa-Croce-dellArno_500-1.png\",\"width\":500,\"height\":500,\"caption\":\"Comune di Santa Croce sull'Arno\"},\"image\":{\"@id\":\"https:\/\/comune.santacroce.pi.it\/oldsite\/#\/schema\/logo\/image\/\"}},{\"@type\":\"Person\",\"@id\":\"https:\/\/comune.santacroce.pi.it\/oldsite\/#\/schema\/person\/5212fa237eb523c5c88b1f51cae14ae4\",\"name\":\"gestore\",\"image\":{\"@type\":\"ImageObject\",\"inLanguage\":\"it-IT\",\"@id\":\"https:\/\/comune.santacroce.pi.it\/oldsite\/#\/schema\/person\/image\/\",\"url\":\"https:\/\/secure.gravatar.com\/avatar\/0759b03a30f73df39010a5fcb1380615?s=96&d=mm&r=g\",\"contentUrl\":\"https:\/\/secure.gravatar.com\/avatar\/0759b03a30f73df39010a5fcb1380615?s=96&d=mm&r=g\",\"caption\":\"gestore\"},\"url\":\"https:\/\/comune.santacroce.pi.it\/oldsite\/author\/gestore\/\"}]}<\/script>\n<!-- \/ Yoast SEO plugin. -->","yoast_head_json":{"title":"Sintesi dei provvedimenti degli ultimi giorni: Nuovo Dpcm di Conte, Toscana arancione dal 6 dicembre, Nuova ordinanza regionale di Giani - Comune di Santa Croce sull&#039;Arno","robots":{"index":"index","follow":"follow","max-snippet":"max-snippet:-1","max-image-preview":"max-image-preview:large","max-video-preview":"max-video-preview:-1"},"canonical":"https:\/\/comune.santacroce.pi.it\/oldsite\/sintesi-dei-provvedimenti-degli-ultimi-giorni-nuovo-dpcm-di-conte-toscana-arancione-dal-6-dicembre-nuova-ordinanza-regionale-di-giani\/","og_locale":"it_IT","og_type":"article","og_title":"Sintesi dei provvedimenti degli ultimi giorni: Nuovo Dpcm di Conte, Toscana arancione dal 6 dicembre, Nuova ordinanza regionale di Giani - Comune di Santa Croce sull&#039;Arno","og_description":"Si prega di fare attenzione a quanto segue. Le novit\u00e0 introdotte sono molte, quindi si raccomanda di leggere e rispettare le nuove indicazioni. PARTE 1 Conte firma nuovo Dpcm per [&hellip;]","og_url":"https:\/\/comune.santacroce.pi.it\/oldsite\/sintesi-dei-provvedimenti-degli-ultimi-giorni-nuovo-dpcm-di-conte-toscana-arancione-dal-6-dicembre-nuova-ordinanza-regionale-di-giani\/","og_site_name":"Comune di Santa Croce sull&#039;Arno","article_published_time":"2020-12-05T09:51:34+00:00","article_modified_time":"2021-02-19T09:52:50+00:00","og_image":[{"width":800,"height":600,"url":"https:\/\/comune.santacroce.pi.it\/oldsite\/wp-content\/uploads\/2017\/11\/Notizie-ed-informazioni.png","type":"image\/png"}],"author":"gestore","twitter_card":"summary_large_image","twitter_misc":{"Scritto da":"gestore","Tempo di lettura stimato":"5 minuti"},"schema":{"@context":"https:\/\/schema.org","@graph":[{"@type":"Article","@id":"https:\/\/comune.santacroce.pi.it\/oldsite\/sintesi-dei-provvedimenti-degli-ultimi-giorni-nuovo-dpcm-di-conte-toscana-arancione-dal-6-dicembre-nuova-ordinanza-regionale-di-giani\/#article","isPartOf":{"@id":"https:\/\/comune.santacroce.pi.it\/oldsite\/sintesi-dei-provvedimenti-degli-ultimi-giorni-nuovo-dpcm-di-conte-toscana-arancione-dal-6-dicembre-nuova-ordinanza-regionale-di-giani\/"},"author":{"name":"gestore","@id":"https:\/\/comune.santacroce.pi.it\/oldsite\/#\/schema\/person\/5212fa237eb523c5c88b1f51cae14ae4"},"headline":"Sintesi dei provvedimenti degli ultimi giorni: Nuovo Dpcm di Conte, Toscana arancione dal 6 dicembre, Nuova ordinanza regionale di Giani","datePublished":"2020-12-05T09:51:34+00:00","dateModified":"2021-02-19T09:52:50+00:00","mainEntityOfPage":{"@id":"https:\/\/comune.santacroce.pi.it\/oldsite\/sintesi-dei-provvedimenti-degli-ultimi-giorni-nuovo-dpcm-di-conte-toscana-arancione-dal-6-dicembre-nuova-ordinanza-regionale-di-giani\/"},"wordCount":955,"publisher":{"@id":"https:\/\/comune.santacroce.pi.it\/oldsite\/#organization"},"image":{"@id":"https:\/\/comune.santacroce.pi.it\/oldsite\/sintesi-dei-provvedimenti-degli-ultimi-giorni-nuovo-dpcm-di-conte-toscana-arancione-dal-6-dicembre-nuova-ordinanza-regionale-di-giani\/#primaryimage"},"thumbnailUrl":"https:\/\/comune.santacroce.pi.it\/oldsite\/wp-content\/uploads\/2017\/11\/Notizie-ed-informazioni.png","keywords":["Covid-19"],"articleSection":["Notizie e informazioni"],"inLanguage":"it-IT"},{"@type":"WebPage","@id":"https:\/\/comune.santacroce.pi.it\/oldsite\/sintesi-dei-provvedimenti-degli-ultimi-giorni-nuovo-dpcm-di-conte-toscana-arancione-dal-6-dicembre-nuova-ordinanza-regionale-di-giani\/","url":"https:\/\/comune.santacroce.pi.it\/oldsite\/sintesi-dei-provvedimenti-degli-ultimi-giorni-nuovo-dpcm-di-conte-toscana-arancione-dal-6-dicembre-nuova-ordinanza-regionale-di-giani\/","name":"Sintesi dei provvedimenti degli ultimi giorni: Nuovo Dpcm di Conte, Toscana arancione dal 6 dicembre, Nuova ordinanza regionale di Giani - Comune di Santa Croce sull&#039;Arno","isPartOf":{"@id":"https:\/\/comune.santacroce.pi.it\/oldsite\/#website"},"primaryImageOfPage":{"@id":"https:\/\/comune.santacroce.pi.it\/oldsite\/sintesi-dei-provvedimenti-degli-ultimi-giorni-nuovo-dpcm-di-conte-toscana-arancione-dal-6-dicembre-nuova-ordinanza-regionale-di-giani\/#primaryimage"},"image":{"@id":"https:\/\/comune.santacroce.pi.it\/oldsite\/sintesi-dei-provvedimenti-degli-ultimi-giorni-nuovo-dpcm-di-conte-toscana-arancione-dal-6-dicembre-nuova-ordinanza-regionale-di-giani\/#primaryimage"},"thumbnailUrl":"https:\/\/comune.santacroce.pi.it\/oldsite\/wp-content\/uploads\/2017\/11\/Notizie-ed-informazioni.png","datePublished":"2020-12-05T09:51:34+00:00","dateModified":"2021-02-19T09:52:50+00:00","breadcrumb":{"@id":"https:\/\/comune.santacroce.pi.it\/oldsite\/sintesi-dei-provvedimenti-degli-ultimi-giorni-nuovo-dpcm-di-conte-toscana-arancione-dal-6-dicembre-nuova-ordinanza-regionale-di-giani\/#breadcrumb"},"inLanguage":"it-IT","potentialAction":[{"@type":"ReadAction","target":["https:\/\/comune.santacroce.pi.it\/oldsite\/sintesi-dei-provvedimenti-degli-ultimi-giorni-nuovo-dpcm-di-conte-toscana-arancione-dal-6-dicembre-nuova-ordinanza-regionale-di-giani\/"]}]},{"@type":"ImageObject","inLanguage":"it-IT","@id":"https:\/\/comune.santacroce.pi.it\/oldsite\/sintesi-dei-provvedimenti-degli-ultimi-giorni-nuovo-dpcm-di-conte-toscana-arancione-dal-6-dicembre-nuova-ordinanza-regionale-di-giani\/#primaryimage","url":"https:\/\/comune.santacroce.pi.it\/oldsite\/wp-content\/uploads\/2017\/11\/Notizie-ed-informazioni.png","contentUrl":"https:\/\/comune.santacroce.pi.it\/oldsite\/wp-content\/uploads\/2017\/11\/Notizie-ed-informazioni.png","width":800,"height":600},{"@type":"BreadcrumbList","@id":"https:\/\/comune.santacroce.pi.it\/oldsite\/sintesi-dei-provvedimenti-degli-ultimi-giorni-nuovo-dpcm-di-conte-toscana-arancione-dal-6-dicembre-nuova-ordinanza-regionale-di-giani\/#breadcrumb","itemListElement":[{"@type":"ListItem","position":1,"name":"Home","item":"https:\/\/comune.santacroce.pi.it\/oldsite\/"},{"@type":"ListItem","position":2,"name":"Sintesi dei provvedimenti degli ultimi giorni: Nuovo Dpcm di Conte, Toscana arancione dal 6 dicembre, Nuova ordinanza regionale di Giani"}]},{"@type":"WebSite","@id":"https:\/\/comune.santacroce.pi.it\/oldsite\/#website","url":"https:\/\/comune.santacroce.pi.it\/oldsite\/","name":"Comune di Santa Croce sull&#039;Arno","description":"Provincia di Pisa","publisher":{"@id":"https:\/\/comune.santacroce.pi.it\/oldsite\/#organization"},"potentialAction":[{"@type":"SearchAction","target":{"@type":"EntryPoint","urlTemplate":"https:\/\/comune.santacroce.pi.it\/oldsite\/?s={search_term_string}"},"query-input":{"@type":"PropertyValueSpecification","valueRequired":true,"valueName":"search_term_string"}}],"inLanguage":"it-IT"},{"@type":"Organization","@id":"https:\/\/comune.santacroce.pi.it\/oldsite\/#organization","name":"Comune di Santa Croce sull'Arno","url":"https:\/\/comune.santacroce.pi.it\/oldsite\/","logo":{"@type":"ImageObject","inLanguage":"it-IT","@id":"https:\/\/comune.santacroce.pi.it\/oldsite\/#\/schema\/logo\/image\/","url":"https:\/\/comune.santacroce.pi.it\/oldsite\/wp-content\/uploads\/2021\/02\/cropped-Stemma-Santa-Croce-dellArno_500-1.png","contentUrl":"https:\/\/comune.santacroce.pi.it\/oldsite\/wp-content\/uploads\/2021\/02\/cropped-Stemma-Santa-Croce-dellArno_500-1.png","width":500,"height":500,"caption":"Comune di Santa Croce sull'Arno"},"image":{"@id":"https:\/\/comune.santacroce.pi.it\/oldsite\/#\/schema\/logo\/image\/"}},{"@type":"Person","@id":"https:\/\/comune.santacroce.pi.it\/oldsite\/#\/schema\/person\/5212fa237eb523c5c88b1f51cae14ae4","name":"gestore","image":{"@type":"ImageObject","inLanguage":"it-IT","@id":"https:\/\/comune.santacroce.pi.it\/oldsite\/#\/schema\/person\/image\/","url":"https:\/\/secure.gravatar.com\/avatar\/0759b03a30f73df39010a5fcb1380615?s=96&d=mm&r=g","contentUrl":"https:\/\/secure.gravatar.com\/avatar\/0759b03a30f73df39010a5fcb1380615?s=96&d=mm&r=g","caption":"gestore"},"url":"https:\/\/comune.santacroce.pi.it\/oldsite\/author\/gestore\/"}]}},"jetpack_featured_media_url":"https:\/\/comune.santacroce.pi.it\/oldsite\/wp-content\/uploads\/2017\/11\/Notizie-ed-informazioni.png","meta_box":{"comunicacity_sync":"","cc4_urg_colore":"","cc4_urg_data_inizio":"","cc4_urg_data_fine":"","cc4_cor_positivi_oggi":"","cc4_cor_negativizzati_oggi":"","cc4_cor_deceduti_oggi":"","cc4_cor_positivi_totali":"","cc4_cor_negativizzati_totali":"","cc4_cor_deceduti_totali":"","cc4_cor_attualmente_positivi":"","cc4_eve_data_inizio":"","cc4_eve_data_fine":"","cc4_eve_indirizzo":"","cc4_eve_posizione":{"latitude":"","longitude":"","zoom":""},"cc4_eve_telefono":"","cc4_eve_email":"","cc4_eve_web":"","cc4_eve_fb":""},"_links":{"self":[{"href":"https:\/\/comune.santacroce.pi.it\/oldsite\/wp-json\/wp\/v2\/posts\/17242","targetHints":{"allow":["GET"]}}],"collection":[{"href":"https:\/\/comune.santacroce.pi.it\/oldsite\/wp-json\/wp\/v2\/posts"}],"about":[{"href":"https:\/\/comune.santacroce.pi.it\/oldsite\/wp-json\/wp\/v2\/types\/post"}],"author":[{"embeddable":true,"href":"https:\/\/comune.santacroce.pi.it\/oldsite\/wp-json\/wp\/v2\/users\/10"}],"replies":[{"embeddable":true,"href":"https:\/\/comune.santacroce.pi.it\/oldsite\/wp-json\/wp\/v2\/comments?post=17242"}],"version-history":[{"count":0,"href":"https:\/\/comune.santacroce.pi.it\/oldsite\/wp-json\/wp\/v2\/posts\/17242\/revisions"}],"wp:featuredmedia":[{"embeddable":true,"href":"https:\/\/comune.santacroce.pi.it\/oldsite\/wp-json\/wp\/v2\/media\/12407"}],"wp:attachment":[{"href":"https:\/\/comune.santacroce.pi.it\/oldsite\/wp-json\/wp\/v2\/media?parent=17242"}],"wp:term":[{"taxonomy":"category","embeddable":true,"href":"https:\/\/comune.santacroce.pi.it\/oldsite\/wp-json\/wp\/v2\/categories?post=17242"},{"taxonomy":"post_tag","embeddable":true,"href":"https:\/\/comune.santacroce.pi.it\/oldsite\/wp-json\/wp\/v2\/tags?post=17242"}],"curies":[{"name":"wp","href":"https:\/\/api.w.org\/{rel}","templated":true}]}}