{"id":17205,"date":"2019-04-09T09:54:08","date_gmt":"2019-04-09T07:54:08","guid":{"rendered":"https:\/\/comune.santacroce.pi.it\/oldsite\/?p=17205"},"modified":"2023-02-16T10:53:02","modified_gmt":"2023-02-16T09:53:02","slug":"accordo-territoriale-per-i-contratti-di-locazione-agevolati-e-transitori","status":"publish","type":"post","link":"https:\/\/comune.santacroce.pi.it\/oldsite\/accordo-territoriale-per-i-contratti-di-locazione-agevolati-e-transitori\/","title":{"rendered":"Accordo Territoriale per i contratti di locazione agevolati e transitori"},"content":{"rendered":"<p>In data 08\/04\/2019 \u00e8 stata rinnovata la stipula dei contratti di locazione a canone agevolato, alla presenza del Sindaco di Montopoli Giovanni Capecchi e del sindaco di Castelfranco di Sotto Gabriele Toti, l\u2019assessore David Spalletti del Comune di San Miniato e dell\u2019assessore Carla Zucchi del Comune di Santa Croce sull\u2019Arno.<\/p>\n<p>L\u2019accordo \u00e8 stato sottoscritto da Daniele Cosci della Sicet, dal dr. Luca D\u2019Onofrio del Sunia, dall\u2019avvocato Luca Scarselli dell\u2019Unione Inquilini, dalla sig.ta Marcella Giardina, della S.A.I Cisal, dall\u2019avvocato Barbara Gambini della Confedilizia e dal dott. Luca Bassi della Confappi.<\/p>\n<p>\u201cL\u2019accordo gi\u00e0 sottoscritto nel 2015 si propone di favorire l\u2019allargamento del mercato agli immobili attualmente sfitti e l\u2019accesso alle locazioni per i settori sociali pi\u00f9 deboli \u2013 spiegano le istituzioni presenti alla sottoscrizione -. L\u2019obiettivo \u00e8 di incentivare e rinnovare soluzioni al problema degli sfratti per morosit\u00e0, incentivandone la trasformazione in nuovi contratti a canone pi\u00f9 sostenibile. In una prospettiva futura l\u2019accordo ci aiuta a ricondurre alla legalit\u00e0 anche il mercato degli affitti laddove risulti sommerso e irregolare\u201d.<\/p>\n<p>I quattro Comuni, su richiesta dei soggetti firmatari dell\u2019accordo, hanno deciso di rinnovare e applicare un\u2019aliquota Imu agevolata per chi affitter\u00e0 immobili a canone concordato. In particolare nel Comune di Santa Croce sull\u2019Arno, dove continuer\u00e0 a non essere applicabile la riduzione della cedolare secca al 10 per cento in quanto il comune non \u00e8 stato inserito dalla Regione Toscana tra i comuni colpiti da calamit\u00e0 naturali come previsto dalla legge 80\/2014, l\u2019agevolazione IMU arriver\u00e0 fino al 0,57%.<\/p>\n<p>L\u2019accordo che \u00e8 stato sottoscritto \u00e8 a tutti gli effetti gi\u00e0 in vigore a partire dall\u20198 aprile 2019 ed \u00e8 scaricabile insieme ad i moduli dal sito del Comune di Santa Croce sull\u2019Arno all\u2019indirizzo www.comune.santacroce.pi.it<\/p>\n<p>Di seguito si riportano i contatti dei soggetti sottoscrittori cui rivolgersi per avere informazioni ed assistenza<\/p>\n<div class=\"body\">\n<p>Confedilizia: <u><a href=\"mailto:avv.barbaragambini@gmail.com\">avv.barbaragambini@gmail.com <\/a><\/u>CONFAPPI: <u><a href=\"mailto:info@bassiluca.it\">info@bassiluca.it <\/a><\/u>UPPI: <u><a href=\"mailto:uppi.pisa@gmail.com\">uppi.pisa@gmail.com <\/a><\/u>Sicet: <u><a href=\"mailto:pisa@sicet.it\">pisa@sicet.it <\/a><\/u>Sunia: <u><a href=\"mailto:sunia.pisa@sunia.it\">sunia.pisa@sunia.it <\/a><\/u>Unione Inquilini: <u><a href=\"mailto:avv.scarselliluca@gmail.com\">avv.scarselliluca@gmail.com<\/a><\/u><\/p>\n<\/div>\n","protected":false},"excerpt":{"rendered":"<p>In data 08\/04\/2019 \u00e8 stata rinnovata la stipula dei contratti di locazione a canone agevolato, alla presenza del Sindaco di Montopoli Giovanni Capecchi e del sindaco di Castelfranco di Sotto [&hellip;]<\/p>\n","protected":false},"author":10,"featured_media":12407,"comment_status":"closed","ping_status":"closed","sticky":false,"template":"","format":"standard","meta":{"footnotes":""},"categories":[1,163],"tags":[],"class_list":["post-17205","post","type-post","status-publish","format-standard","has-post-thumbnail","hentry","category-notizie-e-informazioni","category-servizi-sociali-e-casa"],"yoast_head":"<!-- This site is optimized with the Yoast SEO plugin v24.7 - https:\/\/yoast.com\/wordpress\/plugins\/seo\/ -->\n<title>Accordo Territoriale per i contratti di locazione agevolati e transitori - Comune di Santa Croce sull&#039;Arno<\/title>\n<meta name=\"robots\" content=\"index, follow, max-snippet:-1, max-image-preview:large, max-video-preview:-1\" \/>\n<link rel=\"canonical\" href=\"https:\/\/comune.santacroce.pi.it\/oldsite\/accordo-territoriale-per-i-contratti-di-locazione-agevolati-e-transitori\/\" \/>\n<meta property=\"og:locale\" content=\"it_IT\" \/>\n<meta property=\"og:type\" content=\"article\" \/>\n<meta property=\"og:title\" content=\"Accordo Territoriale per i contratti di locazione agevolati e transitori - Comune di Santa Croce sull&#039;Arno\" \/>\n<meta property=\"og:description\" content=\"In data 08\/04\/2019 \u00e8 stata rinnovata la stipula dei contratti di locazione a canone agevolato, alla presenza del Sindaco di Montopoli Giovanni Capecchi e del sindaco di Castelfranco di Sotto [&hellip;]\" \/>\n<meta property=\"og:url\" content=\"https:\/\/comune.santacroce.pi.it\/oldsite\/accordo-territoriale-per-i-contratti-di-locazione-agevolati-e-transitori\/\" \/>\n<meta property=\"og:site_name\" content=\"Comune di Santa Croce sull&#039;Arno\" \/>\n<meta property=\"article:published_time\" content=\"2019-04-09T07:54:08+00:00\" \/>\n<meta property=\"article:modified_time\" content=\"2023-02-16T09:53:02+00:00\" \/>\n<meta property=\"og:image\" content=\"https:\/\/comune.santacroce.pi.it\/oldsite\/wp-content\/uploads\/2017\/11\/Notizie-ed-informazioni.png\" \/>\n\t<meta property=\"og:image:width\" content=\"800\" \/>\n\t<meta property=\"og:image:height\" content=\"600\" \/>\n\t<meta property=\"og:image:type\" content=\"image\/png\" \/>\n<meta name=\"author\" content=\"gestore\" \/>\n<meta name=\"twitter:card\" content=\"summary_large_image\" \/>\n<meta name=\"twitter:label1\" content=\"Scritto da\" \/>\n\t<meta name=\"twitter:data1\" content=\"gestore\" \/>\n\t<meta name=\"twitter:label2\" content=\"Tempo di lettura stimato\" \/>\n\t<meta name=\"twitter:data2\" content=\"2 minuti\" \/>\n<script type=\"application\/ld+json\" class=\"yoast-schema-graph\">{\"@context\":\"https:\/\/schema.org\",\"@graph\":[{\"@type\":\"Article\",\"@id\":\"https:\/\/comune.santacroce.pi.it\/oldsite\/accordo-territoriale-per-i-contratti-di-locazione-agevolati-e-transitori\/#article\",\"isPartOf\":{\"@id\":\"https:\/\/comune.santacroce.pi.it\/oldsite\/accordo-territoriale-per-i-contratti-di-locazione-agevolati-e-transitori\/\"},\"author\":{\"name\":\"gestore\",\"@id\":\"https:\/\/comune.santacroce.pi.it\/oldsite\/#\/schema\/person\/5212fa237eb523c5c88b1f51cae14ae4\"},\"headline\":\"Accordo Territoriale per i contratti di locazione agevolati e transitori\",\"datePublished\":\"2019-04-09T07:54:08+00:00\",\"dateModified\":\"2023-02-16T09:53:02+00:00\",\"mainEntityOfPage\":{\"@id\":\"https:\/\/comune.santacroce.pi.it\/oldsite\/accordo-territoriale-per-i-contratti-di-locazione-agevolati-e-transitori\/\"},\"wordCount\":347,\"publisher\":{\"@id\":\"https:\/\/comune.santacroce.pi.it\/oldsite\/#organization\"},\"image\":{\"@id\":\"https:\/\/comune.santacroce.pi.it\/oldsite\/accordo-territoriale-per-i-contratti-di-locazione-agevolati-e-transitori\/#primaryimage\"},\"thumbnailUrl\":\"https:\/\/comune.santacroce.pi.it\/oldsite\/wp-content\/uploads\/2017\/11\/Notizie-ed-informazioni.png\",\"articleSection\":[\"Notizie e informazioni\",\"Servizi sociali e casa\"],\"inLanguage\":\"it-IT\"},{\"@type\":\"WebPage\",\"@id\":\"https:\/\/comune.santacroce.pi.it\/oldsite\/accordo-territoriale-per-i-contratti-di-locazione-agevolati-e-transitori\/\",\"url\":\"https:\/\/comune.santacroce.pi.it\/oldsite\/accordo-territoriale-per-i-contratti-di-locazione-agevolati-e-transitori\/\",\"name\":\"Accordo Territoriale per i contratti di locazione agevolati e transitori - Comune di Santa Croce sull&#039;Arno\",\"isPartOf\":{\"@id\":\"https:\/\/comune.santacroce.pi.it\/oldsite\/#website\"},\"primaryImageOfPage\":{\"@id\":\"https:\/\/comune.santacroce.pi.it\/oldsite\/accordo-territoriale-per-i-contratti-di-locazione-agevolati-e-transitori\/#primaryimage\"},\"image\":{\"@id\":\"https:\/\/comune.santacroce.pi.it\/oldsite\/accordo-territoriale-per-i-contratti-di-locazione-agevolati-e-transitori\/#primaryimage\"},\"thumbnailUrl\":\"https:\/\/comune.santacroce.pi.it\/oldsite\/wp-content\/uploads\/2017\/11\/Notizie-ed-informazioni.png\",\"datePublished\":\"2019-04-09T07:54:08+00:00\",\"dateModified\":\"2023-02-16T09:53:02+00:00\",\"breadcrumb\":{\"@id\":\"https:\/\/comune.santacroce.pi.it\/oldsite\/accordo-territoriale-per-i-contratti-di-locazione-agevolati-e-transitori\/#breadcrumb\"},\"inLanguage\":\"it-IT\",\"potentialAction\":[{\"@type\":\"ReadAction\",\"target\":[\"https:\/\/comune.santacroce.pi.it\/oldsite\/accordo-territoriale-per-i-contratti-di-locazione-agevolati-e-transitori\/\"]}]},{\"@type\":\"ImageObject\",\"inLanguage\":\"it-IT\",\"@id\":\"https:\/\/comune.santacroce.pi.it\/oldsite\/accordo-territoriale-per-i-contratti-di-locazione-agevolati-e-transitori\/#primaryimage\",\"url\":\"https:\/\/comune.santacroce.pi.it\/oldsite\/wp-content\/uploads\/2017\/11\/Notizie-ed-informazioni.png\",\"contentUrl\":\"https:\/\/comune.santacroce.pi.it\/oldsite\/wp-content\/uploads\/2017\/11\/Notizie-ed-informazioni.png\",\"width\":800,\"height\":600},{\"@type\":\"BreadcrumbList\",\"@id\":\"https:\/\/comune.santacroce.pi.it\/oldsite\/accordo-territoriale-per-i-contratti-di-locazione-agevolati-e-transitori\/#breadcrumb\",\"itemListElement\":[{\"@type\":\"ListItem\",\"position\":1,\"name\":\"Home\",\"item\":\"https:\/\/comune.santacroce.pi.it\/oldsite\/\"},{\"@type\":\"ListItem\",\"position\":2,\"name\":\"Accordo Territoriale per i contratti di locazione agevolati e transitori\"}]},{\"@type\":\"WebSite\",\"@id\":\"https:\/\/comune.santacroce.pi.it\/oldsite\/#website\",\"url\":\"https:\/\/comune.santacroce.pi.it\/oldsite\/\",\"name\":\"Comune di Santa Croce sull&#039;Arno\",\"description\":\"Provincia di Pisa\",\"publisher\":{\"@id\":\"https:\/\/comune.santacroce.pi.it\/oldsite\/#organization\"},\"potentialAction\":[{\"@type\":\"SearchAction\",\"target\":{\"@type\":\"EntryPoint\",\"urlTemplate\":\"https:\/\/comune.santacroce.pi.it\/oldsite\/?s={search_term_string}\"},\"query-input\":{\"@type\":\"PropertyValueSpecification\",\"valueRequired\":true,\"valueName\":\"search_term_string\"}}],\"inLanguage\":\"it-IT\"},{\"@type\":\"Organization\",\"@id\":\"https:\/\/comune.santacroce.pi.it\/oldsite\/#organization\",\"name\":\"Comune di Santa Croce sull'Arno\",\"url\":\"https:\/\/comune.santacroce.pi.it\/oldsite\/\",\"logo\":{\"@type\":\"ImageObject\",\"inLanguage\":\"it-IT\",\"@id\":\"https:\/\/comune.santacroce.pi.it\/oldsite\/#\/schema\/logo\/image\/\",\"url\":\"https:\/\/comune.santacroce.pi.it\/oldsite\/wp-content\/uploads\/2021\/02\/cropped-Stemma-Santa-Croce-dellArno_500-1.png\",\"contentUrl\":\"https:\/\/comune.santacroce.pi.it\/oldsite\/wp-content\/uploads\/2021\/02\/cropped-Stemma-Santa-Croce-dellArno_500-1.png\",\"width\":500,\"height\":500,\"caption\":\"Comune di Santa Croce sull'Arno\"},\"image\":{\"@id\":\"https:\/\/comune.santacroce.pi.it\/oldsite\/#\/schema\/logo\/image\/\"}},{\"@type\":\"Person\",\"@id\":\"https:\/\/comune.santacroce.pi.it\/oldsite\/#\/schema\/person\/5212fa237eb523c5c88b1f51cae14ae4\",\"name\":\"gestore\",\"image\":{\"@type\":\"ImageObject\",\"inLanguage\":\"it-IT\",\"@id\":\"https:\/\/comune.santacroce.pi.it\/oldsite\/#\/schema\/person\/image\/\",\"url\":\"https:\/\/secure.gravatar.com\/avatar\/0759b03a30f73df39010a5fcb1380615?s=96&d=mm&r=g\",\"contentUrl\":\"https:\/\/secure.gravatar.com\/avatar\/0759b03a30f73df39010a5fcb1380615?s=96&d=mm&r=g\",\"caption\":\"gestore\"},\"url\":\"https:\/\/comune.santacroce.pi.it\/oldsite\/author\/gestore\/\"}]}<\/script>\n<!-- \/ Yoast SEO plugin. -->","yoast_head_json":{"title":"Accordo Territoriale per i contratti di locazione agevolati e transitori - Comune di Santa Croce sull&#039;Arno","robots":{"index":"index","follow":"follow","max-snippet":"max-snippet:-1","max-image-preview":"max-image-preview:large","max-video-preview":"max-video-preview:-1"},"canonical":"https:\/\/comune.santacroce.pi.it\/oldsite\/accordo-territoriale-per-i-contratti-di-locazione-agevolati-e-transitori\/","og_locale":"it_IT","og_type":"article","og_title":"Accordo Territoriale per i contratti di locazione agevolati e transitori - Comune di Santa Croce sull&#039;Arno","og_description":"In data 08\/04\/2019 \u00e8 stata rinnovata la stipula dei contratti di locazione a canone agevolato, alla presenza del Sindaco di Montopoli Giovanni Capecchi e del sindaco di Castelfranco di Sotto [&hellip;]","og_url":"https:\/\/comune.santacroce.pi.it\/oldsite\/accordo-territoriale-per-i-contratti-di-locazione-agevolati-e-transitori\/","og_site_name":"Comune di Santa Croce sull&#039;Arno","article_published_time":"2019-04-09T07:54:08+00:00","article_modified_time":"2023-02-16T09:53:02+00:00","og_image":[{"width":800,"height":600,"url":"https:\/\/comune.santacroce.pi.it\/oldsite\/wp-content\/uploads\/2017\/11\/Notizie-ed-informazioni.png","type":"image\/png"}],"author":"gestore","twitter_card":"summary_large_image","twitter_misc":{"Scritto da":"gestore","Tempo di lettura stimato":"2 minuti"},"schema":{"@context":"https:\/\/schema.org","@graph":[{"@type":"Article","@id":"https:\/\/comune.santacroce.pi.it\/oldsite\/accordo-territoriale-per-i-contratti-di-locazione-agevolati-e-transitori\/#article","isPartOf":{"@id":"https:\/\/comune.santacroce.pi.it\/oldsite\/accordo-territoriale-per-i-contratti-di-locazione-agevolati-e-transitori\/"},"author":{"name":"gestore","@id":"https:\/\/comune.santacroce.pi.it\/oldsite\/#\/schema\/person\/5212fa237eb523c5c88b1f51cae14ae4"},"headline":"Accordo Territoriale per i contratti di locazione agevolati e transitori","datePublished":"2019-04-09T07:54:08+00:00","dateModified":"2023-02-16T09:53:02+00:00","mainEntityOfPage":{"@id":"https:\/\/comune.santacroce.pi.it\/oldsite\/accordo-territoriale-per-i-contratti-di-locazione-agevolati-e-transitori\/"},"wordCount":347,"publisher":{"@id":"https:\/\/comune.santacroce.pi.it\/oldsite\/#organization"},"image":{"@id":"https:\/\/comune.santacroce.pi.it\/oldsite\/accordo-territoriale-per-i-contratti-di-locazione-agevolati-e-transitori\/#primaryimage"},"thumbnailUrl":"https:\/\/comune.santacroce.pi.it\/oldsite\/wp-content\/uploads\/2017\/11\/Notizie-ed-informazioni.png","articleSection":["Notizie e informazioni","Servizi sociali e casa"],"inLanguage":"it-IT"},{"@type":"WebPage","@id":"https:\/\/comune.santacroce.pi.it\/oldsite\/accordo-territoriale-per-i-contratti-di-locazione-agevolati-e-transitori\/","url":"https:\/\/comune.santacroce.pi.it\/oldsite\/accordo-territoriale-per-i-contratti-di-locazione-agevolati-e-transitori\/","name":"Accordo Territoriale per i contratti di locazione agevolati e transitori - Comune di Santa Croce sull&#039;Arno","isPartOf":{"@id":"https:\/\/comune.santacroce.pi.it\/oldsite\/#website"},"primaryImageOfPage":{"@id":"https:\/\/comune.santacroce.pi.it\/oldsite\/accordo-territoriale-per-i-contratti-di-locazione-agevolati-e-transitori\/#primaryimage"},"image":{"@id":"https:\/\/comune.santacroce.pi.it\/oldsite\/accordo-territoriale-per-i-contratti-di-locazione-agevolati-e-transitori\/#primaryimage"},"thumbnailUrl":"https:\/\/comune.santacroce.pi.it\/oldsite\/wp-content\/uploads\/2017\/11\/Notizie-ed-informazioni.png","datePublished":"2019-04-09T07:54:08+00:00","dateModified":"2023-02-16T09:53:02+00:00","breadcrumb":{"@id":"https:\/\/comune.santacroce.pi.it\/oldsite\/accordo-territoriale-per-i-contratti-di-locazione-agevolati-e-transitori\/#breadcrumb"},"inLanguage":"it-IT","potentialAction":[{"@type":"ReadAction","target":["https:\/\/comune.santacroce.pi.it\/oldsite\/accordo-territoriale-per-i-contratti-di-locazione-agevolati-e-transitori\/"]}]},{"@type":"ImageObject","inLanguage":"it-IT","@id":"https:\/\/comune.santacroce.pi.it\/oldsite\/accordo-territoriale-per-i-contratti-di-locazione-agevolati-e-transitori\/#primaryimage","url":"https:\/\/comune.santacroce.pi.it\/oldsite\/wp-content\/uploads\/2017\/11\/Notizie-ed-informazioni.png","contentUrl":"https:\/\/comune.santacroce.pi.it\/oldsite\/wp-content\/uploads\/2017\/11\/Notizie-ed-informazioni.png","width":800,"height":600},{"@type":"BreadcrumbList","@id":"https:\/\/comune.santacroce.pi.it\/oldsite\/accordo-territoriale-per-i-contratti-di-locazione-agevolati-e-transitori\/#breadcrumb","itemListElement":[{"@type":"ListItem","position":1,"name":"Home","item":"https:\/\/comune.santacroce.pi.it\/oldsite\/"},{"@type":"ListItem","position":2,"name":"Accordo Territoriale per i contratti di locazione agevolati e transitori"}]},{"@type":"WebSite","@id":"https:\/\/comune.santacroce.pi.it\/oldsite\/#website","url":"https:\/\/comune.santacroce.pi.it\/oldsite\/","name":"Comune di Santa Croce sull&#039;Arno","description":"Provincia di Pisa","publisher":{"@id":"https:\/\/comune.santacroce.pi.it\/oldsite\/#organization"},"potentialAction":[{"@type":"SearchAction","target":{"@type":"EntryPoint","urlTemplate":"https:\/\/comune.santacroce.pi.it\/oldsite\/?s={search_term_string}"},"query-input":{"@type":"PropertyValueSpecification","valueRequired":true,"valueName":"search_term_string"}}],"inLanguage":"it-IT"},{"@type":"Organization","@id":"https:\/\/comune.santacroce.pi.it\/oldsite\/#organization","name":"Comune di Santa Croce sull'Arno","url":"https:\/\/comune.santacroce.pi.it\/oldsite\/","logo":{"@type":"ImageObject","inLanguage":"it-IT","@id":"https:\/\/comune.santacroce.pi.it\/oldsite\/#\/schema\/logo\/image\/","url":"https:\/\/comune.santacroce.pi.it\/oldsite\/wp-content\/uploads\/2021\/02\/cropped-Stemma-Santa-Croce-dellArno_500-1.png","contentUrl":"https:\/\/comune.santacroce.pi.it\/oldsite\/wp-content\/uploads\/2021\/02\/cropped-Stemma-Santa-Croce-dellArno_500-1.png","width":500,"height":500,"caption":"Comune di Santa Croce sull'Arno"},"image":{"@id":"https:\/\/comune.santacroce.pi.it\/oldsite\/#\/schema\/logo\/image\/"}},{"@type":"Person","@id":"https:\/\/comune.santacroce.pi.it\/oldsite\/#\/schema\/person\/5212fa237eb523c5c88b1f51cae14ae4","name":"gestore","image":{"@type":"ImageObject","inLanguage":"it-IT","@id":"https:\/\/comune.santacroce.pi.it\/oldsite\/#\/schema\/person\/image\/","url":"https:\/\/secure.gravatar.com\/avatar\/0759b03a30f73df39010a5fcb1380615?s=96&d=mm&r=g","contentUrl":"https:\/\/secure.gravatar.com\/avatar\/0759b03a30f73df39010a5fcb1380615?s=96&d=mm&r=g","caption":"gestore"},"url":"https:\/\/comune.santacroce.pi.it\/oldsite\/author\/gestore\/"}]}},"jetpack_featured_media_url":"https:\/\/comune.santacroce.pi.it\/oldsite\/wp-content\/uploads\/2017\/11\/Notizie-ed-informazioni.png","meta_box":{"comunicacity_sync":"0","cc4_urg_colore":"rosso","cc4_urg_data_inizio":"","cc4_urg_data_fine":"","cc4_cor_positivi_oggi":"","cc4_cor_negativizzati_oggi":"","cc4_cor_deceduti_oggi":"","cc4_cor_positivi_totali":"","cc4_cor_negativizzati_totali":"","cc4_cor_deceduti_totali":"","cc4_cor_attualmente_positivi":"","cc4_eve_data_inizio":"","cc4_eve_data_fine":"","cc4_eve_indirizzo":"","cc4_eve_posizione":{"latitude":"0","longitude":"0","zoom":"0"},"cc4_eve_telefono":"","cc4_eve_email":"","cc4_eve_web":"","cc4_eve_fb":""},"_links":{"self":[{"href":"https:\/\/comune.santacroce.pi.it\/oldsite\/wp-json\/wp\/v2\/posts\/17205","targetHints":{"allow":["GET"]}}],"collection":[{"href":"https:\/\/comune.santacroce.pi.it\/oldsite\/wp-json\/wp\/v2\/posts"}],"about":[{"href":"https:\/\/comune.santacroce.pi.it\/oldsite\/wp-json\/wp\/v2\/types\/post"}],"author":[{"embeddable":true,"href":"https:\/\/comune.santacroce.pi.it\/oldsite\/wp-json\/wp\/v2\/users\/10"}],"replies":[{"embeddable":true,"href":"https:\/\/comune.santacroce.pi.it\/oldsite\/wp-json\/wp\/v2\/comments?post=17205"}],"version-history":[{"count":0,"href":"https:\/\/comune.santacroce.pi.it\/oldsite\/wp-json\/wp\/v2\/posts\/17205\/revisions"}],"wp:featuredmedia":[{"embeddable":true,"href":"https:\/\/comune.santacroce.pi.it\/oldsite\/wp-json\/wp\/v2\/media\/12407"}],"wp:attachment":[{"href":"https:\/\/comune.santacroce.pi.it\/oldsite\/wp-json\/wp\/v2\/media?parent=17205"}],"wp:term":[{"taxonomy":"category","embeddable":true,"href":"https:\/\/comune.santacroce.pi.it\/oldsite\/wp-json\/wp\/v2\/categories?post=17205"},{"taxonomy":"post_tag","embeddable":true,"href":"https:\/\/comune.santacroce.pi.it\/oldsite\/wp-json\/wp\/v2\/tags?post=17205"}],"curies":[{"name":"wp","href":"https:\/\/api.w.org\/{rel}","templated":true}]}}