{"id":17185,"date":"2021-02-13T08:56:32","date_gmt":"2021-02-13T07:56:32","guid":{"rendered":"https:\/\/comune.santacroce.pi.it\/oldsite\/?p=17185"},"modified":"2021-02-18T12:58:47","modified_gmt":"2021-02-18T11:58:47","slug":"avviso-allerta-codice-giallo-per-il-13-e-14-febbraio-2021","status":"publish","type":"post","link":"https:\/\/comune.santacroce.pi.it\/oldsite\/avviso-allerta-codice-giallo-per-il-13-e-14-febbraio-2021\/","title":{"rendered":"Avviso allerta Codice Giallo per il 13 e 14 Febbraio 2021"},"content":{"rendered":"<p>Allerta meteo codice GIALLO-FASE DI VIGILANZA dalle ore 13.00 di sabato 13\/02\/2021 alle ore 13.00 di domenica 14\/02\/2021 (RISCHIO VENTO).<\/p>\n<p>Allerta meteo codice GIALLO-FASE DI VIGILANZA dalle ore 20.00 di sabato 13\/02\/2021 alle ore 12.00 di domenica 14\/02\/2021 (RISCHIO GHIACCIO).<\/p>\n<p>Allerta meteo codice GIALLO-FASE DI VIGILANZA dalle ore 18.00 di domenica 14\/02\/2021 alle ore 23.59 di domenica 14\/02\/2021 (RISCHIO GHIACCIO).<\/p>\n<hr \/>\n<h4>Fenomeni previsti<\/h4>\n<p>Minimo sul medio-basso Tirreno in spostamento verso sud-est con miglioramento delle condizioni atmosferiche sulla Toscana dove tuttavia affluisce aria molto fredda dai Balcani accompagnata da forti venti di Grecale.<\/p>\n<p><strong>VENTO: <\/strong>Oggi, sabato, e per la mattina di domani, domenica, forti venti da nord est con raffiche fino a 40-60 km\/h nelle pianura interne, 50-70 km\/h sulla costa livornese e grossetana, 80-100 km\/h sui rilievi appenninici, Amiata e Colline Metallifere. Attenuazione dal pomeriggio di domani, domenica.<\/p>\n<p><strong>GHIACCIO: <\/strong>Dalla sera di oggi, sabato, fino a buona parte della mattinata di domani, domenica, e nuovamente dalla sera di domani, temperature ampiamente inferiori a zero gradi centigradi su buona parte della regione con conseguente formazione di ghiaccio, in particolare sulle zone interessate dalle nevicate. Temperature sempre inferiori a zero gradi centigradi a quote superiori i 600-800 metri. Tra la sera di domani, domenica e la mattina di dopodomani, luned\u00ec, \u00e8 al momento previsto un calo delle temperature ancora pi\u00f9 accentuato; pertanto le aree in criticit\u00e0 arancione potranno essere eventualmente riviste nel corso della mattina di domani, domenica.<\/p>\n<hr \/>\n<h4>Descrizione delle criticit\u00e0 previste:<\/h4>\n<p>Sulla base delle previsioni meteorologiche odierne e delle valutazioni dei possibili effetti al suolo effettuate, si prefigurano i seguenti scenari di criticit\u00e0:<\/p>\n<p>Criticit\u00e0 <strong>GIALLO<\/strong> dalle ore 13.00 di sabato 13\/02\/2021 alle ore 13.00 di domenica 14\/02\/2021 (RISCHIO VENTO).<\/p>\n<p>Criticit\u00e0 <strong>GIALLO<\/strong> dalle ore 20.00 di sabato 13\/02\/2021 alle ore 12.00 di domenica 14\/02\/2021 (RISCHIO GHIACCIO).<\/p>\n<p>Criticit\u00e0 <strong>GIALLO<\/strong> dalle ore 18.00 di domenica 14\/02\/2021 alle ore 23.59 di domenica 14\/02\/2021 (RISCHIO GHIACCIO).<\/p>\n<hr \/>\n<h4>Descrizione degli scenari di evento previsti:<\/h4>\n<p><strong>VENTO<\/strong><\/p>\n<p><strong>Cr<\/strong><strong>iticit\u00e0 Giallo<\/strong>: Sono possibili fenomeni occasionalmente pericolosi per l&#8217;incolumit\u00e0 delle persone, in grado di causare disagi e danni a carattere locale.<\/p>\n<p>Sono possibili isolate rotture di rami e\/o caduta di alberi, caduta di tegole e cornicioni, localizzati danni alle strutture provvisorie, con trasporto di materiale vario.<\/p>\n<p>Sono possibili localizzati problemi alla circolazione stradale in particolare su viadotti e ponti, con temporanee interruzioni della viabilit\u00e0. Sono possibili occasionali disagi dovuti a ritardi o cancellazioni dei collegamenti terrestri, ferroviari, aerei e marittimi.<\/p>\n<p>Sono possibili occasionali problemi alle reti di distribuzione di servizi (tra cui telefonia ed elettricit\u00e0) con temporanee interruzioni dei servizi.<\/p>\n<p><strong>GHIACCIO<\/strong><\/p>\n<p><strong>Criticit\u00e0 Giallo: <\/strong>Sono possibili fenomeni occasionalmente pericolosi per l&#8217;incolumit\u00e0 delle persone, in grado di causare disagi e danni a carattere locale.<\/p>\n<p>Sono possibili localizzati problemi negli spostamenti, temporanei o localizzati problemi alla circolazione stradale, localizzati ritardi nei collegamenti terrestri, ferroviari ed aerei. Sono possibili temporanei problemi alla reti di distribuzione di servizi (acqua, luce, gas, telefonia) con localizzate interruzioni.<\/p>\n<hr \/>\n<p><strong>SI RACCOMANDA<\/strong>:<\/p>\n<ol>\n<li>Di fare attenzione all\u2019aperto, in particolare in presenza di alberi e strutture temporanee o pericolanti;<\/li>\n<li>Di fare attenzione, in prossimit\u00e0 di edifici, a possibili cadute di oggetti dall\u2019alto (tegole, cornicioni, vasi, ecc.);<\/li>\n<li>Di guidare con attenzione, in particolare sui tratti esposti alla caduta di piante e sassi;<\/li>\n<li>Di spostarsi in auto solo se dotati di pneumatici invernali o catene informandosi preventivamente sulle condizioni della viabilit\u00e0;<\/li>\n<li>Di ridurre, specie se anziani, le attivit\u00e0 all\u2019aperto che comportano il rischio di cadute su ghiaccio e l\u2019esposizione prolungata al freddo.<\/li>\n<\/ol>\n<p>Per ulteriori consigli sui comportamenti da adottare consultare il sito della Regione Toscana <a href=\"http:\/\/www.regione.toscana.it\/allertameteo\">http:\/\/www.regione.toscana.it\/allertameteo<\/a><\/p>\n<p>Per aggiornamenti consultare il sito del Comune <a href=\"https:\/\/comune.santacroce.pi.it\/oldsite\/\">www.comune.santacroce.pi.it<\/a> oppure il sito <a href=\"http:\/\/www.cfr.toscana.it\/\">www.cfr.toscana.it<\/a><\/p>\n<p>&nbsp;<\/p>\n<p>IL SINDACO<\/p>\n<p>Giulia Deidda<\/p>\n\t\t\t\n\t\t\t\n\t\t\t\n\n","protected":false},"excerpt":{"rendered":"<p>Allerta meteo codice GIALLO-FASE DI VIGILANZA dalle ore 13.00 di sabato 13\/02\/2021 alle ore 13.00 di domenica 14\/02\/2021 (RISCHIO VENTO). Allerta meteo codice GIALLO-FASE DI VIGILANZA dalle ore 20.00 di [&hellip;]<\/p>\n","protected":false},"author":10,"featured_media":17186,"comment_status":"closed","ping_status":"closed","sticky":false,"template":"","format":"standard","meta":{"footnotes":""},"categories":[166],"tags":[],"class_list":["post-17185","post","type-post","status-publish","format-standard","has-post-thumbnail","hentry","category-urgenze-e-allerta"],"yoast_head":"<!-- This site is optimized with the Yoast SEO plugin v24.7 - https:\/\/yoast.com\/wordpress\/plugins\/seo\/ -->\n<title>Avviso allerta Codice Giallo per il 13 e 14 Febbraio 2021 - Comune di Santa Croce sull&#039;Arno<\/title>\n<meta name=\"robots\" content=\"index, follow, max-snippet:-1, max-image-preview:large, max-video-preview:-1\" \/>\n<link rel=\"canonical\" href=\"https:\/\/comune.santacroce.pi.it\/oldsite\/avviso-allerta-codice-giallo-per-il-13-e-14-febbraio-2021\/\" \/>\n<meta property=\"og:locale\" content=\"it_IT\" \/>\n<meta property=\"og:type\" content=\"article\" \/>\n<meta property=\"og:title\" content=\"Avviso allerta Codice Giallo per il 13 e 14 Febbraio 2021 - Comune di Santa Croce sull&#039;Arno\" \/>\n<meta property=\"og:description\" content=\"Allerta meteo codice GIALLO-FASE DI VIGILANZA dalle ore 13.00 di sabato 13\/02\/2021 alle ore 13.00 di domenica 14\/02\/2021 (RISCHIO VENTO). Allerta meteo codice GIALLO-FASE DI VIGILANZA dalle ore 20.00 di [&hellip;]\" \/>\n<meta property=\"og:url\" content=\"https:\/\/comune.santacroce.pi.it\/oldsite\/avviso-allerta-codice-giallo-per-il-13-e-14-febbraio-2021\/\" \/>\n<meta property=\"og:site_name\" content=\"Comune di Santa Croce sull&#039;Arno\" \/>\n<meta property=\"article:published_time\" content=\"2021-02-13T07:56:32+00:00\" \/>\n<meta property=\"article:modified_time\" content=\"2021-02-18T11:58:47+00:00\" \/>\n<meta property=\"og:image\" content=\"https:\/\/comune.santacroce.pi.it\/oldsite\/wp-content\/uploads\/2021\/02\/Allerta-Meteo-Gialla.jpg\" \/>\n\t<meta property=\"og:image:width\" content=\"1199\" \/>\n\t<meta property=\"og:image:height\" content=\"800\" \/>\n\t<meta property=\"og:image:type\" content=\"image\/jpeg\" \/>\n<meta name=\"author\" content=\"gestore\" \/>\n<meta name=\"twitter:card\" content=\"summary_large_image\" \/>\n<meta name=\"twitter:label1\" content=\"Scritto da\" \/>\n\t<meta name=\"twitter:data1\" content=\"gestore\" \/>\n\t<meta name=\"twitter:label2\" content=\"Tempo di lettura stimato\" \/>\n\t<meta name=\"twitter:data2\" content=\"3 minuti\" \/>\n<script type=\"application\/ld+json\" class=\"yoast-schema-graph\">{\"@context\":\"https:\/\/schema.org\",\"@graph\":[{\"@type\":\"Article\",\"@id\":\"https:\/\/comune.santacroce.pi.it\/oldsite\/avviso-allerta-codice-giallo-per-il-13-e-14-febbraio-2021\/#article\",\"isPartOf\":{\"@id\":\"https:\/\/comune.santacroce.pi.it\/oldsite\/avviso-allerta-codice-giallo-per-il-13-e-14-febbraio-2021\/\"},\"author\":{\"name\":\"gestore\",\"@id\":\"https:\/\/comune.santacroce.pi.it\/oldsite\/#\/schema\/person\/5212fa237eb523c5c88b1f51cae14ae4\"},\"headline\":\"Avviso allerta Codice Giallo per il 13 e 14 Febbraio 2021\",\"datePublished\":\"2021-02-13T07:56:32+00:00\",\"dateModified\":\"2021-02-18T11:58:47+00:00\",\"mainEntityOfPage\":{\"@id\":\"https:\/\/comune.santacroce.pi.it\/oldsite\/avviso-allerta-codice-giallo-per-il-13-e-14-febbraio-2021\/\"},\"wordCount\":601,\"publisher\":{\"@id\":\"https:\/\/comune.santacroce.pi.it\/oldsite\/#organization\"},\"image\":{\"@id\":\"https:\/\/comune.santacroce.pi.it\/oldsite\/avviso-allerta-codice-giallo-per-il-13-e-14-febbraio-2021\/#primaryimage\"},\"thumbnailUrl\":\"https:\/\/comune.santacroce.pi.it\/oldsite\/wp-content\/uploads\/2021\/02\/Allerta-Meteo-Gialla.jpg\",\"articleSection\":[\"Urgenze e Allerta\"],\"inLanguage\":\"it-IT\"},{\"@type\":\"WebPage\",\"@id\":\"https:\/\/comune.santacroce.pi.it\/oldsite\/avviso-allerta-codice-giallo-per-il-13-e-14-febbraio-2021\/\",\"url\":\"https:\/\/comune.santacroce.pi.it\/oldsite\/avviso-allerta-codice-giallo-per-il-13-e-14-febbraio-2021\/\",\"name\":\"Avviso allerta Codice Giallo per il 13 e 14 Febbraio 2021 - Comune di Santa Croce sull&#039;Arno\",\"isPartOf\":{\"@id\":\"https:\/\/comune.santacroce.pi.it\/oldsite\/#website\"},\"primaryImageOfPage\":{\"@id\":\"https:\/\/comune.santacroce.pi.it\/oldsite\/avviso-allerta-codice-giallo-per-il-13-e-14-febbraio-2021\/#primaryimage\"},\"image\":{\"@id\":\"https:\/\/comune.santacroce.pi.it\/oldsite\/avviso-allerta-codice-giallo-per-il-13-e-14-febbraio-2021\/#primaryimage\"},\"thumbnailUrl\":\"https:\/\/comune.santacroce.pi.it\/oldsite\/wp-content\/uploads\/2021\/02\/Allerta-Meteo-Gialla.jpg\",\"datePublished\":\"2021-02-13T07:56:32+00:00\",\"dateModified\":\"2021-02-18T11:58:47+00:00\",\"breadcrumb\":{\"@id\":\"https:\/\/comune.santacroce.pi.it\/oldsite\/avviso-allerta-codice-giallo-per-il-13-e-14-febbraio-2021\/#breadcrumb\"},\"inLanguage\":\"it-IT\",\"potentialAction\":[{\"@type\":\"ReadAction\",\"target\":[\"https:\/\/comune.santacroce.pi.it\/oldsite\/avviso-allerta-codice-giallo-per-il-13-e-14-febbraio-2021\/\"]}]},{\"@type\":\"ImageObject\",\"inLanguage\":\"it-IT\",\"@id\":\"https:\/\/comune.santacroce.pi.it\/oldsite\/avviso-allerta-codice-giallo-per-il-13-e-14-febbraio-2021\/#primaryimage\",\"url\":\"https:\/\/comune.santacroce.pi.it\/oldsite\/wp-content\/uploads\/2021\/02\/Allerta-Meteo-Gialla.jpg\",\"contentUrl\":\"https:\/\/comune.santacroce.pi.it\/oldsite\/wp-content\/uploads\/2021\/02\/Allerta-Meteo-Gialla.jpg\",\"width\":1199,\"height\":800},{\"@type\":\"BreadcrumbList\",\"@id\":\"https:\/\/comune.santacroce.pi.it\/oldsite\/avviso-allerta-codice-giallo-per-il-13-e-14-febbraio-2021\/#breadcrumb\",\"itemListElement\":[{\"@type\":\"ListItem\",\"position\":1,\"name\":\"Home\",\"item\":\"https:\/\/comune.santacroce.pi.it\/oldsite\/\"},{\"@type\":\"ListItem\",\"position\":2,\"name\":\"Avviso allerta Codice Giallo per il 13 e 14 Febbraio 2021\"}]},{\"@type\":\"WebSite\",\"@id\":\"https:\/\/comune.santacroce.pi.it\/oldsite\/#website\",\"url\":\"https:\/\/comune.santacroce.pi.it\/oldsite\/\",\"name\":\"Comune di Santa Croce sull&#039;Arno\",\"description\":\"Provincia di Pisa\",\"publisher\":{\"@id\":\"https:\/\/comune.santacroce.pi.it\/oldsite\/#organization\"},\"potentialAction\":[{\"@type\":\"SearchAction\",\"target\":{\"@type\":\"EntryPoint\",\"urlTemplate\":\"https:\/\/comune.santacroce.pi.it\/oldsite\/?s={search_term_string}\"},\"query-input\":{\"@type\":\"PropertyValueSpecification\",\"valueRequired\":true,\"valueName\":\"search_term_string\"}}],\"inLanguage\":\"it-IT\"},{\"@type\":\"Organization\",\"@id\":\"https:\/\/comune.santacroce.pi.it\/oldsite\/#organization\",\"name\":\"Comune di Santa Croce sull'Arno\",\"url\":\"https:\/\/comune.santacroce.pi.it\/oldsite\/\",\"logo\":{\"@type\":\"ImageObject\",\"inLanguage\":\"it-IT\",\"@id\":\"https:\/\/comune.santacroce.pi.it\/oldsite\/#\/schema\/logo\/image\/\",\"url\":\"https:\/\/comune.santacroce.pi.it\/oldsite\/wp-content\/uploads\/2021\/02\/cropped-Stemma-Santa-Croce-dellArno_500-1.png\",\"contentUrl\":\"https:\/\/comune.santacroce.pi.it\/oldsite\/wp-content\/uploads\/2021\/02\/cropped-Stemma-Santa-Croce-dellArno_500-1.png\",\"width\":500,\"height\":500,\"caption\":\"Comune di Santa Croce sull'Arno\"},\"image\":{\"@id\":\"https:\/\/comune.santacroce.pi.it\/oldsite\/#\/schema\/logo\/image\/\"}},{\"@type\":\"Person\",\"@id\":\"https:\/\/comune.santacroce.pi.it\/oldsite\/#\/schema\/person\/5212fa237eb523c5c88b1f51cae14ae4\",\"name\":\"gestore\",\"image\":{\"@type\":\"ImageObject\",\"inLanguage\":\"it-IT\",\"@id\":\"https:\/\/comune.santacroce.pi.it\/oldsite\/#\/schema\/person\/image\/\",\"url\":\"https:\/\/secure.gravatar.com\/avatar\/0759b03a30f73df39010a5fcb1380615?s=96&d=mm&r=g\",\"contentUrl\":\"https:\/\/secure.gravatar.com\/avatar\/0759b03a30f73df39010a5fcb1380615?s=96&d=mm&r=g\",\"caption\":\"gestore\"},\"url\":\"https:\/\/comune.santacroce.pi.it\/oldsite\/author\/gestore\/\"}]}<\/script>\n<!-- \/ Yoast SEO plugin. -->","yoast_head_json":{"title":"Avviso allerta Codice Giallo per il 13 e 14 Febbraio 2021 - Comune di Santa Croce sull&#039;Arno","robots":{"index":"index","follow":"follow","max-snippet":"max-snippet:-1","max-image-preview":"max-image-preview:large","max-video-preview":"max-video-preview:-1"},"canonical":"https:\/\/comune.santacroce.pi.it\/oldsite\/avviso-allerta-codice-giallo-per-il-13-e-14-febbraio-2021\/","og_locale":"it_IT","og_type":"article","og_title":"Avviso allerta Codice Giallo per il 13 e 14 Febbraio 2021 - Comune di Santa Croce sull&#039;Arno","og_description":"Allerta meteo codice GIALLO-FASE DI VIGILANZA dalle ore 13.00 di sabato 13\/02\/2021 alle ore 13.00 di domenica 14\/02\/2021 (RISCHIO VENTO). Allerta meteo codice GIALLO-FASE DI VIGILANZA dalle ore 20.00 di [&hellip;]","og_url":"https:\/\/comune.santacroce.pi.it\/oldsite\/avviso-allerta-codice-giallo-per-il-13-e-14-febbraio-2021\/","og_site_name":"Comune di Santa Croce sull&#039;Arno","article_published_time":"2021-02-13T07:56:32+00:00","article_modified_time":"2021-02-18T11:58:47+00:00","og_image":[{"width":1199,"height":800,"url":"https:\/\/comune.santacroce.pi.it\/oldsite\/wp-content\/uploads\/2021\/02\/Allerta-Meteo-Gialla.jpg","type":"image\/jpeg"}],"author":"gestore","twitter_card":"summary_large_image","twitter_misc":{"Scritto da":"gestore","Tempo di lettura stimato":"3 minuti"},"schema":{"@context":"https:\/\/schema.org","@graph":[{"@type":"Article","@id":"https:\/\/comune.santacroce.pi.it\/oldsite\/avviso-allerta-codice-giallo-per-il-13-e-14-febbraio-2021\/#article","isPartOf":{"@id":"https:\/\/comune.santacroce.pi.it\/oldsite\/avviso-allerta-codice-giallo-per-il-13-e-14-febbraio-2021\/"},"author":{"name":"gestore","@id":"https:\/\/comune.santacroce.pi.it\/oldsite\/#\/schema\/person\/5212fa237eb523c5c88b1f51cae14ae4"},"headline":"Avviso allerta Codice Giallo per il 13 e 14 Febbraio 2021","datePublished":"2021-02-13T07:56:32+00:00","dateModified":"2021-02-18T11:58:47+00:00","mainEntityOfPage":{"@id":"https:\/\/comune.santacroce.pi.it\/oldsite\/avviso-allerta-codice-giallo-per-il-13-e-14-febbraio-2021\/"},"wordCount":601,"publisher":{"@id":"https:\/\/comune.santacroce.pi.it\/oldsite\/#organization"},"image":{"@id":"https:\/\/comune.santacroce.pi.it\/oldsite\/avviso-allerta-codice-giallo-per-il-13-e-14-febbraio-2021\/#primaryimage"},"thumbnailUrl":"https:\/\/comune.santacroce.pi.it\/oldsite\/wp-content\/uploads\/2021\/02\/Allerta-Meteo-Gialla.jpg","articleSection":["Urgenze e Allerta"],"inLanguage":"it-IT"},{"@type":"WebPage","@id":"https:\/\/comune.santacroce.pi.it\/oldsite\/avviso-allerta-codice-giallo-per-il-13-e-14-febbraio-2021\/","url":"https:\/\/comune.santacroce.pi.it\/oldsite\/avviso-allerta-codice-giallo-per-il-13-e-14-febbraio-2021\/","name":"Avviso allerta Codice Giallo per il 13 e 14 Febbraio 2021 - Comune di Santa Croce sull&#039;Arno","isPartOf":{"@id":"https:\/\/comune.santacroce.pi.it\/oldsite\/#website"},"primaryImageOfPage":{"@id":"https:\/\/comune.santacroce.pi.it\/oldsite\/avviso-allerta-codice-giallo-per-il-13-e-14-febbraio-2021\/#primaryimage"},"image":{"@id":"https:\/\/comune.santacroce.pi.it\/oldsite\/avviso-allerta-codice-giallo-per-il-13-e-14-febbraio-2021\/#primaryimage"},"thumbnailUrl":"https:\/\/comune.santacroce.pi.it\/oldsite\/wp-content\/uploads\/2021\/02\/Allerta-Meteo-Gialla.jpg","datePublished":"2021-02-13T07:56:32+00:00","dateModified":"2021-02-18T11:58:47+00:00","breadcrumb":{"@id":"https:\/\/comune.santacroce.pi.it\/oldsite\/avviso-allerta-codice-giallo-per-il-13-e-14-febbraio-2021\/#breadcrumb"},"inLanguage":"it-IT","potentialAction":[{"@type":"ReadAction","target":["https:\/\/comune.santacroce.pi.it\/oldsite\/avviso-allerta-codice-giallo-per-il-13-e-14-febbraio-2021\/"]}]},{"@type":"ImageObject","inLanguage":"it-IT","@id":"https:\/\/comune.santacroce.pi.it\/oldsite\/avviso-allerta-codice-giallo-per-il-13-e-14-febbraio-2021\/#primaryimage","url":"https:\/\/comune.santacroce.pi.it\/oldsite\/wp-content\/uploads\/2021\/02\/Allerta-Meteo-Gialla.jpg","contentUrl":"https:\/\/comune.santacroce.pi.it\/oldsite\/wp-content\/uploads\/2021\/02\/Allerta-Meteo-Gialla.jpg","width":1199,"height":800},{"@type":"BreadcrumbList","@id":"https:\/\/comune.santacroce.pi.it\/oldsite\/avviso-allerta-codice-giallo-per-il-13-e-14-febbraio-2021\/#breadcrumb","itemListElement":[{"@type":"ListItem","position":1,"name":"Home","item":"https:\/\/comune.santacroce.pi.it\/oldsite\/"},{"@type":"ListItem","position":2,"name":"Avviso allerta Codice Giallo per il 13 e 14 Febbraio 2021"}]},{"@type":"WebSite","@id":"https:\/\/comune.santacroce.pi.it\/oldsite\/#website","url":"https:\/\/comune.santacroce.pi.it\/oldsite\/","name":"Comune di Santa Croce sull&#039;Arno","description":"Provincia di Pisa","publisher":{"@id":"https:\/\/comune.santacroce.pi.it\/oldsite\/#organization"},"potentialAction":[{"@type":"SearchAction","target":{"@type":"EntryPoint","urlTemplate":"https:\/\/comune.santacroce.pi.it\/oldsite\/?s={search_term_string}"},"query-input":{"@type":"PropertyValueSpecification","valueRequired":true,"valueName":"search_term_string"}}],"inLanguage":"it-IT"},{"@type":"Organization","@id":"https:\/\/comune.santacroce.pi.it\/oldsite\/#organization","name":"Comune di Santa Croce sull'Arno","url":"https:\/\/comune.santacroce.pi.it\/oldsite\/","logo":{"@type":"ImageObject","inLanguage":"it-IT","@id":"https:\/\/comune.santacroce.pi.it\/oldsite\/#\/schema\/logo\/image\/","url":"https:\/\/comune.santacroce.pi.it\/oldsite\/wp-content\/uploads\/2021\/02\/cropped-Stemma-Santa-Croce-dellArno_500-1.png","contentUrl":"https:\/\/comune.santacroce.pi.it\/oldsite\/wp-content\/uploads\/2021\/02\/cropped-Stemma-Santa-Croce-dellArno_500-1.png","width":500,"height":500,"caption":"Comune di Santa Croce sull'Arno"},"image":{"@id":"https:\/\/comune.santacroce.pi.it\/oldsite\/#\/schema\/logo\/image\/"}},{"@type":"Person","@id":"https:\/\/comune.santacroce.pi.it\/oldsite\/#\/schema\/person\/5212fa237eb523c5c88b1f51cae14ae4","name":"gestore","image":{"@type":"ImageObject","inLanguage":"it-IT","@id":"https:\/\/comune.santacroce.pi.it\/oldsite\/#\/schema\/person\/image\/","url":"https:\/\/secure.gravatar.com\/avatar\/0759b03a30f73df39010a5fcb1380615?s=96&d=mm&r=g","contentUrl":"https:\/\/secure.gravatar.com\/avatar\/0759b03a30f73df39010a5fcb1380615?s=96&d=mm&r=g","caption":"gestore"},"url":"https:\/\/comune.santacroce.pi.it\/oldsite\/author\/gestore\/"}]}},"jetpack_featured_media_url":"https:\/\/comune.santacroce.pi.it\/oldsite\/wp-content\/uploads\/2021\/02\/Allerta-Meteo-Gialla.jpg","meta_box":{"comunicacity_sync":"","cc4_urg_colore":"","cc4_urg_data_inizio":"","cc4_urg_data_fine":"","cc4_cor_positivi_oggi":"","cc4_cor_negativizzati_oggi":"","cc4_cor_deceduti_oggi":"","cc4_cor_positivi_totali":"","cc4_cor_negativizzati_totali":"","cc4_cor_deceduti_totali":"","cc4_cor_attualmente_positivi":"","cc4_eve_data_inizio":"","cc4_eve_data_fine":"","cc4_eve_indirizzo":"","cc4_eve_posizione":{"latitude":"","longitude":"","zoom":""},"cc4_eve_telefono":"","cc4_eve_email":"","cc4_eve_web":"","cc4_eve_fb":""},"_links":{"self":[{"href":"https:\/\/comune.santacroce.pi.it\/oldsite\/wp-json\/wp\/v2\/posts\/17185","targetHints":{"allow":["GET"]}}],"collection":[{"href":"https:\/\/comune.santacroce.pi.it\/oldsite\/wp-json\/wp\/v2\/posts"}],"about":[{"href":"https:\/\/comune.santacroce.pi.it\/oldsite\/wp-json\/wp\/v2\/types\/post"}],"author":[{"embeddable":true,"href":"https:\/\/comune.santacroce.pi.it\/oldsite\/wp-json\/wp\/v2\/users\/10"}],"replies":[{"embeddable":true,"href":"https:\/\/comune.santacroce.pi.it\/oldsite\/wp-json\/wp\/v2\/comments?post=17185"}],"version-history":[{"count":0,"href":"https:\/\/comune.santacroce.pi.it\/oldsite\/wp-json\/wp\/v2\/posts\/17185\/revisions"}],"wp:featuredmedia":[{"embeddable":true,"href":"https:\/\/comune.santacroce.pi.it\/oldsite\/wp-json\/wp\/v2\/media\/17186"}],"wp:attachment":[{"href":"https:\/\/comune.santacroce.pi.it\/oldsite\/wp-json\/wp\/v2\/media?parent=17185"}],"wp:term":[{"taxonomy":"category","embeddable":true,"href":"https:\/\/comune.santacroce.pi.it\/oldsite\/wp-json\/wp\/v2\/categories?post=17185"},{"taxonomy":"post_tag","embeddable":true,"href":"https:\/\/comune.santacroce.pi.it\/oldsite\/wp-json\/wp\/v2\/tags?post=17185"}],"curies":[{"name":"wp","href":"https:\/\/api.w.org\/{rel}","templated":true}]}}