{"id":17158,"date":"2020-12-18T12:39:04","date_gmt":"2020-12-18T11:39:04","guid":{"rendered":"https:\/\/comune.santacroce.pi.it\/oldsite\/?p=17158"},"modified":"2021-02-18T12:40:35","modified_gmt":"2021-02-18T11:40:35","slug":"raccolta-porta-a-porta-a-santa-croce-sullarno-cambia-il-calendario-dal-1-gennaio-2021","status":"publish","type":"post","link":"https:\/\/comune.santacroce.pi.it\/oldsite\/raccolta-porta-a-porta-a-santa-croce-sullarno-cambia-il-calendario-dal-1-gennaio-2021\/","title":{"rendered":"Raccolta porta a porta a Santa Croce sull&#8217;Arno: cambia il calendario dal 1\u00b0 gennaio 2021"},"content":{"rendered":"<p>In questi giorni Geofor e il Comune di Santa Croce sull&#8217;Arno stanno facendo recapitare le lettere alla cittadinanza per comunicare un&#8217;importante variazione del calendario del porta a porta, per motivi organizzativi di Geofor, che entra a far parte dell&#8217;azienda Retiambiente Spa, in un&#8217;ottica di miglioramento del servizio.<br \/>\n<strong>L&#8217;organico passa ai giorni marted\u00ec e venerd\u00ec; l&#8217;indifferenziato resta al mercoled\u00ec; i sacchi gialli (pannoloni) restano nei giorni di luned\u00ec e venerd\u00ec; la carta viene spostata al luned\u00ec; il multimateriale leggero senza vetro al gioved\u00ec. La raccolta del vetro continua ad essere gestita con le campane verdi sparse nel territorio. Restano anche i due cassonetti a scomparsa dedicati all&#8217;organico nel centro storico.<\/strong><\/p>\n<p>All&#8217;interno della lettera sono nuovamente specificate le modalit\u00e0 di conferimento dei rifiuti e si ricordano le informazioni sul ritiro gratuito di sfalci e potature e di ingombranti a domicilio; sono riportati inoltre gli orari del centro di raccolta e della consegna dei sacchi. Per restare aggiornati su eventuali variazioni impreviste, il Comune di Santa Croce sull&#8217;Arno ha attivato il servizio Whatsapp. Per iscriversi basta salvare in rubrica il numero 335 7833404 e inviare un messaggio whatsapp con scritto &#8220;Attiva iscrizione&#8221;.<\/p>\n<p>Aggiornamento del 30 dicembre 2020:<\/p>\n<p><strong>Nota specifica per la raccolta della carta:<\/strong><\/p>\n<ul>\n<li>La zona industriale individuata nel perimetro tra via Meucci, via della Pesa, via di Pelle, via I\u00b0 Maggio, via dei Conciatori, via Caduti sul Lavoro, via Sant&#8217;Andrea, via Sardegna, via I\u00b0 Settembre, via Don Puglisi verr\u00e0 servita il luned\u00ec pomeriggio;<\/li>\n<li>le utenze non domestiche comprese nella parte residenziale saranno servite dalle 9.00 in poi;<\/li>\n<li>per le utenze domestiche (abitazioni) il servizio partir\u00e0 regolarmente alle 6.30 di mattina.<\/li>\n<\/ul>\n","protected":false},"excerpt":{"rendered":"<p>In questi giorni Geofor e il Comune di Santa Croce sull&#8217;Arno stanno facendo recapitare le lettere alla cittadinanza per comunicare un&#8217;importante variazione del calendario del porta a porta, per motivi [&hellip;]<\/p>\n","protected":false},"author":10,"featured_media":17160,"comment_status":"closed","ping_status":"closed","sticky":false,"template":"","format":"standard","meta":{"footnotes":""},"categories":[2],"tags":[],"class_list":["post-17158","post","type-post","status-publish","format-standard","has-post-thumbnail","hentry","category-ambiente"],"yoast_head":"<!-- This site is optimized with the Yoast SEO plugin v24.7 - https:\/\/yoast.com\/wordpress\/plugins\/seo\/ -->\n<title>Raccolta porta a porta a Santa Croce sull&#039;Arno: cambia il calendario dal 1\u00b0 gennaio 2021 - Comune di Santa Croce sull&#039;Arno<\/title>\n<meta name=\"robots\" content=\"index, follow, max-snippet:-1, max-image-preview:large, max-video-preview:-1\" \/>\n<link rel=\"canonical\" href=\"https:\/\/comune.santacroce.pi.it\/oldsite\/raccolta-porta-a-porta-a-santa-croce-sullarno-cambia-il-calendario-dal-1-gennaio-2021\/\" \/>\n<meta property=\"og:locale\" content=\"it_IT\" \/>\n<meta property=\"og:type\" content=\"article\" \/>\n<meta property=\"og:title\" content=\"Raccolta porta a porta a Santa Croce sull&#039;Arno: cambia il calendario dal 1\u00b0 gennaio 2021 - Comune di Santa Croce sull&#039;Arno\" \/>\n<meta property=\"og:description\" content=\"In questi giorni Geofor e il Comune di Santa Croce sull&#8217;Arno stanno facendo recapitare le lettere alla cittadinanza per comunicare un&#8217;importante variazione del calendario del porta a porta, per motivi [&hellip;]\" \/>\n<meta property=\"og:url\" content=\"https:\/\/comune.santacroce.pi.it\/oldsite\/raccolta-porta-a-porta-a-santa-croce-sullarno-cambia-il-calendario-dal-1-gennaio-2021\/\" \/>\n<meta property=\"og:site_name\" content=\"Comune di Santa Croce sull&#039;Arno\" \/>\n<meta property=\"article:published_time\" content=\"2020-12-18T11:39:04+00:00\" \/>\n<meta property=\"article:modified_time\" content=\"2021-02-18T11:40:35+00:00\" \/>\n<meta property=\"og:image\" content=\"https:\/\/comune.santacroce.pi.it\/oldsite\/wp-content\/uploads\/2021\/02\/Rifiuti-raccolta-differenziata-sito.jpg\" \/>\n\t<meta property=\"og:image:width\" content=\"1278\" \/>\n\t<meta property=\"og:image:height\" content=\"853\" \/>\n\t<meta property=\"og:image:type\" content=\"image\/jpeg\" \/>\n<meta name=\"author\" content=\"gestore\" \/>\n<meta name=\"twitter:card\" content=\"summary_large_image\" \/>\n<meta name=\"twitter:label1\" content=\"Scritto da\" \/>\n\t<meta name=\"twitter:data1\" content=\"gestore\" \/>\n\t<meta name=\"twitter:label2\" content=\"Tempo di lettura stimato\" \/>\n\t<meta name=\"twitter:data2\" content=\"1 minuto\" \/>\n<script type=\"application\/ld+json\" class=\"yoast-schema-graph\">{\"@context\":\"https:\/\/schema.org\",\"@graph\":[{\"@type\":\"Article\",\"@id\":\"https:\/\/comune.santacroce.pi.it\/oldsite\/raccolta-porta-a-porta-a-santa-croce-sullarno-cambia-il-calendario-dal-1-gennaio-2021\/#article\",\"isPartOf\":{\"@id\":\"https:\/\/comune.santacroce.pi.it\/oldsite\/raccolta-porta-a-porta-a-santa-croce-sullarno-cambia-il-calendario-dal-1-gennaio-2021\/\"},\"author\":{\"name\":\"gestore\",\"@id\":\"https:\/\/comune.santacroce.pi.it\/oldsite\/#\/schema\/person\/5212fa237eb523c5c88b1f51cae14ae4\"},\"headline\":\"Raccolta porta a porta a Santa Croce sull&#8217;Arno: cambia il calendario dal 1\u00b0 gennaio 2021\",\"datePublished\":\"2020-12-18T11:39:04+00:00\",\"dateModified\":\"2021-02-18T11:40:35+00:00\",\"mainEntityOfPage\":{\"@id\":\"https:\/\/comune.santacroce.pi.it\/oldsite\/raccolta-porta-a-porta-a-santa-croce-sullarno-cambia-il-calendario-dal-1-gennaio-2021\/\"},\"wordCount\":286,\"publisher\":{\"@id\":\"https:\/\/comune.santacroce.pi.it\/oldsite\/#organization\"},\"image\":{\"@id\":\"https:\/\/comune.santacroce.pi.it\/oldsite\/raccolta-porta-a-porta-a-santa-croce-sullarno-cambia-il-calendario-dal-1-gennaio-2021\/#primaryimage\"},\"thumbnailUrl\":\"https:\/\/comune.santacroce.pi.it\/oldsite\/wp-content\/uploads\/2021\/02\/Rifiuti-raccolta-differenziata-sito.jpg\",\"articleSection\":[\"Ambiente\"],\"inLanguage\":\"it-IT\"},{\"@type\":\"WebPage\",\"@id\":\"https:\/\/comune.santacroce.pi.it\/oldsite\/raccolta-porta-a-porta-a-santa-croce-sullarno-cambia-il-calendario-dal-1-gennaio-2021\/\",\"url\":\"https:\/\/comune.santacroce.pi.it\/oldsite\/raccolta-porta-a-porta-a-santa-croce-sullarno-cambia-il-calendario-dal-1-gennaio-2021\/\",\"name\":\"Raccolta porta a porta a Santa Croce sull'Arno: cambia il calendario dal 1\u00b0 gennaio 2021 - Comune di Santa Croce sull&#039;Arno\",\"isPartOf\":{\"@id\":\"https:\/\/comune.santacroce.pi.it\/oldsite\/#website\"},\"primaryImageOfPage\":{\"@id\":\"https:\/\/comune.santacroce.pi.it\/oldsite\/raccolta-porta-a-porta-a-santa-croce-sullarno-cambia-il-calendario-dal-1-gennaio-2021\/#primaryimage\"},\"image\":{\"@id\":\"https:\/\/comune.santacroce.pi.it\/oldsite\/raccolta-porta-a-porta-a-santa-croce-sullarno-cambia-il-calendario-dal-1-gennaio-2021\/#primaryimage\"},\"thumbnailUrl\":\"https:\/\/comune.santacroce.pi.it\/oldsite\/wp-content\/uploads\/2021\/02\/Rifiuti-raccolta-differenziata-sito.jpg\",\"datePublished\":\"2020-12-18T11:39:04+00:00\",\"dateModified\":\"2021-02-18T11:40:35+00:00\",\"breadcrumb\":{\"@id\":\"https:\/\/comune.santacroce.pi.it\/oldsite\/raccolta-porta-a-porta-a-santa-croce-sullarno-cambia-il-calendario-dal-1-gennaio-2021\/#breadcrumb\"},\"inLanguage\":\"it-IT\",\"potentialAction\":[{\"@type\":\"ReadAction\",\"target\":[\"https:\/\/comune.santacroce.pi.it\/oldsite\/raccolta-porta-a-porta-a-santa-croce-sullarno-cambia-il-calendario-dal-1-gennaio-2021\/\"]}]},{\"@type\":\"ImageObject\",\"inLanguage\":\"it-IT\",\"@id\":\"https:\/\/comune.santacroce.pi.it\/oldsite\/raccolta-porta-a-porta-a-santa-croce-sullarno-cambia-il-calendario-dal-1-gennaio-2021\/#primaryimage\",\"url\":\"https:\/\/comune.santacroce.pi.it\/oldsite\/wp-content\/uploads\/2021\/02\/Rifiuti-raccolta-differenziata-sito.jpg\",\"contentUrl\":\"https:\/\/comune.santacroce.pi.it\/oldsite\/wp-content\/uploads\/2021\/02\/Rifiuti-raccolta-differenziata-sito.jpg\",\"width\":1278,\"height\":853},{\"@type\":\"BreadcrumbList\",\"@id\":\"https:\/\/comune.santacroce.pi.it\/oldsite\/raccolta-porta-a-porta-a-santa-croce-sullarno-cambia-il-calendario-dal-1-gennaio-2021\/#breadcrumb\",\"itemListElement\":[{\"@type\":\"ListItem\",\"position\":1,\"name\":\"Home\",\"item\":\"https:\/\/comune.santacroce.pi.it\/oldsite\/\"},{\"@type\":\"ListItem\",\"position\":2,\"name\":\"Raccolta porta a porta a Santa Croce sull&#8217;Arno: cambia il calendario dal 1\u00b0 gennaio 2021\"}]},{\"@type\":\"WebSite\",\"@id\":\"https:\/\/comune.santacroce.pi.it\/oldsite\/#website\",\"url\":\"https:\/\/comune.santacroce.pi.it\/oldsite\/\",\"name\":\"Comune di Santa Croce sull&#039;Arno\",\"description\":\"Provincia di Pisa\",\"publisher\":{\"@id\":\"https:\/\/comune.santacroce.pi.it\/oldsite\/#organization\"},\"potentialAction\":[{\"@type\":\"SearchAction\",\"target\":{\"@type\":\"EntryPoint\",\"urlTemplate\":\"https:\/\/comune.santacroce.pi.it\/oldsite\/?s={search_term_string}\"},\"query-input\":{\"@type\":\"PropertyValueSpecification\",\"valueRequired\":true,\"valueName\":\"search_term_string\"}}],\"inLanguage\":\"it-IT\"},{\"@type\":\"Organization\",\"@id\":\"https:\/\/comune.santacroce.pi.it\/oldsite\/#organization\",\"name\":\"Comune di Santa Croce sull'Arno\",\"url\":\"https:\/\/comune.santacroce.pi.it\/oldsite\/\",\"logo\":{\"@type\":\"ImageObject\",\"inLanguage\":\"it-IT\",\"@id\":\"https:\/\/comune.santacroce.pi.it\/oldsite\/#\/schema\/logo\/image\/\",\"url\":\"https:\/\/comune.santacroce.pi.it\/oldsite\/wp-content\/uploads\/2021\/02\/cropped-Stemma-Santa-Croce-dellArno_500-1.png\",\"contentUrl\":\"https:\/\/comune.santacroce.pi.it\/oldsite\/wp-content\/uploads\/2021\/02\/cropped-Stemma-Santa-Croce-dellArno_500-1.png\",\"width\":500,\"height\":500,\"caption\":\"Comune di Santa Croce sull'Arno\"},\"image\":{\"@id\":\"https:\/\/comune.santacroce.pi.it\/oldsite\/#\/schema\/logo\/image\/\"}},{\"@type\":\"Person\",\"@id\":\"https:\/\/comune.santacroce.pi.it\/oldsite\/#\/schema\/person\/5212fa237eb523c5c88b1f51cae14ae4\",\"name\":\"gestore\",\"image\":{\"@type\":\"ImageObject\",\"inLanguage\":\"it-IT\",\"@id\":\"https:\/\/comune.santacroce.pi.it\/oldsite\/#\/schema\/person\/image\/\",\"url\":\"https:\/\/secure.gravatar.com\/avatar\/0759b03a30f73df39010a5fcb1380615?s=96&d=mm&r=g\",\"contentUrl\":\"https:\/\/secure.gravatar.com\/avatar\/0759b03a30f73df39010a5fcb1380615?s=96&d=mm&r=g\",\"caption\":\"gestore\"},\"url\":\"https:\/\/comune.santacroce.pi.it\/oldsite\/author\/gestore\/\"}]}<\/script>\n<!-- \/ Yoast SEO plugin. -->","yoast_head_json":{"title":"Raccolta porta a porta a Santa Croce sull'Arno: cambia il calendario dal 1\u00b0 gennaio 2021 - Comune di Santa Croce sull&#039;Arno","robots":{"index":"index","follow":"follow","max-snippet":"max-snippet:-1","max-image-preview":"max-image-preview:large","max-video-preview":"max-video-preview:-1"},"canonical":"https:\/\/comune.santacroce.pi.it\/oldsite\/raccolta-porta-a-porta-a-santa-croce-sullarno-cambia-il-calendario-dal-1-gennaio-2021\/","og_locale":"it_IT","og_type":"article","og_title":"Raccolta porta a porta a Santa Croce sull'Arno: cambia il calendario dal 1\u00b0 gennaio 2021 - Comune di Santa Croce sull&#039;Arno","og_description":"In questi giorni Geofor e il Comune di Santa Croce sull&#8217;Arno stanno facendo recapitare le lettere alla cittadinanza per comunicare un&#8217;importante variazione del calendario del porta a porta, per motivi [&hellip;]","og_url":"https:\/\/comune.santacroce.pi.it\/oldsite\/raccolta-porta-a-porta-a-santa-croce-sullarno-cambia-il-calendario-dal-1-gennaio-2021\/","og_site_name":"Comune di Santa Croce sull&#039;Arno","article_published_time":"2020-12-18T11:39:04+00:00","article_modified_time":"2021-02-18T11:40:35+00:00","og_image":[{"width":1278,"height":853,"url":"https:\/\/comune.santacroce.pi.it\/oldsite\/wp-content\/uploads\/2021\/02\/Rifiuti-raccolta-differenziata-sito.jpg","type":"image\/jpeg"}],"author":"gestore","twitter_card":"summary_large_image","twitter_misc":{"Scritto da":"gestore","Tempo di lettura stimato":"1 minuto"},"schema":{"@context":"https:\/\/schema.org","@graph":[{"@type":"Article","@id":"https:\/\/comune.santacroce.pi.it\/oldsite\/raccolta-porta-a-porta-a-santa-croce-sullarno-cambia-il-calendario-dal-1-gennaio-2021\/#article","isPartOf":{"@id":"https:\/\/comune.santacroce.pi.it\/oldsite\/raccolta-porta-a-porta-a-santa-croce-sullarno-cambia-il-calendario-dal-1-gennaio-2021\/"},"author":{"name":"gestore","@id":"https:\/\/comune.santacroce.pi.it\/oldsite\/#\/schema\/person\/5212fa237eb523c5c88b1f51cae14ae4"},"headline":"Raccolta porta a porta a Santa Croce sull&#8217;Arno: cambia il calendario dal 1\u00b0 gennaio 2021","datePublished":"2020-12-18T11:39:04+00:00","dateModified":"2021-02-18T11:40:35+00:00","mainEntityOfPage":{"@id":"https:\/\/comune.santacroce.pi.it\/oldsite\/raccolta-porta-a-porta-a-santa-croce-sullarno-cambia-il-calendario-dal-1-gennaio-2021\/"},"wordCount":286,"publisher":{"@id":"https:\/\/comune.santacroce.pi.it\/oldsite\/#organization"},"image":{"@id":"https:\/\/comune.santacroce.pi.it\/oldsite\/raccolta-porta-a-porta-a-santa-croce-sullarno-cambia-il-calendario-dal-1-gennaio-2021\/#primaryimage"},"thumbnailUrl":"https:\/\/comune.santacroce.pi.it\/oldsite\/wp-content\/uploads\/2021\/02\/Rifiuti-raccolta-differenziata-sito.jpg","articleSection":["Ambiente"],"inLanguage":"it-IT"},{"@type":"WebPage","@id":"https:\/\/comune.santacroce.pi.it\/oldsite\/raccolta-porta-a-porta-a-santa-croce-sullarno-cambia-il-calendario-dal-1-gennaio-2021\/","url":"https:\/\/comune.santacroce.pi.it\/oldsite\/raccolta-porta-a-porta-a-santa-croce-sullarno-cambia-il-calendario-dal-1-gennaio-2021\/","name":"Raccolta porta a porta a Santa Croce sull'Arno: cambia il calendario dal 1\u00b0 gennaio 2021 - Comune di Santa Croce sull&#039;Arno","isPartOf":{"@id":"https:\/\/comune.santacroce.pi.it\/oldsite\/#website"},"primaryImageOfPage":{"@id":"https:\/\/comune.santacroce.pi.it\/oldsite\/raccolta-porta-a-porta-a-santa-croce-sullarno-cambia-il-calendario-dal-1-gennaio-2021\/#primaryimage"},"image":{"@id":"https:\/\/comune.santacroce.pi.it\/oldsite\/raccolta-porta-a-porta-a-santa-croce-sullarno-cambia-il-calendario-dal-1-gennaio-2021\/#primaryimage"},"thumbnailUrl":"https:\/\/comune.santacroce.pi.it\/oldsite\/wp-content\/uploads\/2021\/02\/Rifiuti-raccolta-differenziata-sito.jpg","datePublished":"2020-12-18T11:39:04+00:00","dateModified":"2021-02-18T11:40:35+00:00","breadcrumb":{"@id":"https:\/\/comune.santacroce.pi.it\/oldsite\/raccolta-porta-a-porta-a-santa-croce-sullarno-cambia-il-calendario-dal-1-gennaio-2021\/#breadcrumb"},"inLanguage":"it-IT","potentialAction":[{"@type":"ReadAction","target":["https:\/\/comune.santacroce.pi.it\/oldsite\/raccolta-porta-a-porta-a-santa-croce-sullarno-cambia-il-calendario-dal-1-gennaio-2021\/"]}]},{"@type":"ImageObject","inLanguage":"it-IT","@id":"https:\/\/comune.santacroce.pi.it\/oldsite\/raccolta-porta-a-porta-a-santa-croce-sullarno-cambia-il-calendario-dal-1-gennaio-2021\/#primaryimage","url":"https:\/\/comune.santacroce.pi.it\/oldsite\/wp-content\/uploads\/2021\/02\/Rifiuti-raccolta-differenziata-sito.jpg","contentUrl":"https:\/\/comune.santacroce.pi.it\/oldsite\/wp-content\/uploads\/2021\/02\/Rifiuti-raccolta-differenziata-sito.jpg","width":1278,"height":853},{"@type":"BreadcrumbList","@id":"https:\/\/comune.santacroce.pi.it\/oldsite\/raccolta-porta-a-porta-a-santa-croce-sullarno-cambia-il-calendario-dal-1-gennaio-2021\/#breadcrumb","itemListElement":[{"@type":"ListItem","position":1,"name":"Home","item":"https:\/\/comune.santacroce.pi.it\/oldsite\/"},{"@type":"ListItem","position":2,"name":"Raccolta porta a porta a Santa Croce sull&#8217;Arno: cambia il calendario dal 1\u00b0 gennaio 2021"}]},{"@type":"WebSite","@id":"https:\/\/comune.santacroce.pi.it\/oldsite\/#website","url":"https:\/\/comune.santacroce.pi.it\/oldsite\/","name":"Comune di Santa Croce sull&#039;Arno","description":"Provincia di Pisa","publisher":{"@id":"https:\/\/comune.santacroce.pi.it\/oldsite\/#organization"},"potentialAction":[{"@type":"SearchAction","target":{"@type":"EntryPoint","urlTemplate":"https:\/\/comune.santacroce.pi.it\/oldsite\/?s={search_term_string}"},"query-input":{"@type":"PropertyValueSpecification","valueRequired":true,"valueName":"search_term_string"}}],"inLanguage":"it-IT"},{"@type":"Organization","@id":"https:\/\/comune.santacroce.pi.it\/oldsite\/#organization","name":"Comune di Santa Croce sull'Arno","url":"https:\/\/comune.santacroce.pi.it\/oldsite\/","logo":{"@type":"ImageObject","inLanguage":"it-IT","@id":"https:\/\/comune.santacroce.pi.it\/oldsite\/#\/schema\/logo\/image\/","url":"https:\/\/comune.santacroce.pi.it\/oldsite\/wp-content\/uploads\/2021\/02\/cropped-Stemma-Santa-Croce-dellArno_500-1.png","contentUrl":"https:\/\/comune.santacroce.pi.it\/oldsite\/wp-content\/uploads\/2021\/02\/cropped-Stemma-Santa-Croce-dellArno_500-1.png","width":500,"height":500,"caption":"Comune di Santa Croce sull'Arno"},"image":{"@id":"https:\/\/comune.santacroce.pi.it\/oldsite\/#\/schema\/logo\/image\/"}},{"@type":"Person","@id":"https:\/\/comune.santacroce.pi.it\/oldsite\/#\/schema\/person\/5212fa237eb523c5c88b1f51cae14ae4","name":"gestore","image":{"@type":"ImageObject","inLanguage":"it-IT","@id":"https:\/\/comune.santacroce.pi.it\/oldsite\/#\/schema\/person\/image\/","url":"https:\/\/secure.gravatar.com\/avatar\/0759b03a30f73df39010a5fcb1380615?s=96&d=mm&r=g","contentUrl":"https:\/\/secure.gravatar.com\/avatar\/0759b03a30f73df39010a5fcb1380615?s=96&d=mm&r=g","caption":"gestore"},"url":"https:\/\/comune.santacroce.pi.it\/oldsite\/author\/gestore\/"}]}},"jetpack_featured_media_url":"https:\/\/comune.santacroce.pi.it\/oldsite\/wp-content\/uploads\/2021\/02\/Rifiuti-raccolta-differenziata-sito.jpg","meta_box":{"comunicacity_sync":"","cc4_urg_colore":"","cc4_urg_data_inizio":"","cc4_urg_data_fine":"","cc4_cor_positivi_oggi":"","cc4_cor_negativizzati_oggi":"","cc4_cor_deceduti_oggi":"","cc4_cor_positivi_totali":"","cc4_cor_negativizzati_totali":"","cc4_cor_deceduti_totali":"","cc4_cor_attualmente_positivi":"","cc4_eve_data_inizio":"","cc4_eve_data_fine":"","cc4_eve_indirizzo":"","cc4_eve_posizione":{"latitude":"","longitude":"","zoom":""},"cc4_eve_telefono":"","cc4_eve_email":"","cc4_eve_web":"","cc4_eve_fb":""},"_links":{"self":[{"href":"https:\/\/comune.santacroce.pi.it\/oldsite\/wp-json\/wp\/v2\/posts\/17158","targetHints":{"allow":["GET"]}}],"collection":[{"href":"https:\/\/comune.santacroce.pi.it\/oldsite\/wp-json\/wp\/v2\/posts"}],"about":[{"href":"https:\/\/comune.santacroce.pi.it\/oldsite\/wp-json\/wp\/v2\/types\/post"}],"author":[{"embeddable":true,"href":"https:\/\/comune.santacroce.pi.it\/oldsite\/wp-json\/wp\/v2\/users\/10"}],"replies":[{"embeddable":true,"href":"https:\/\/comune.santacroce.pi.it\/oldsite\/wp-json\/wp\/v2\/comments?post=17158"}],"version-history":[{"count":0,"href":"https:\/\/comune.santacroce.pi.it\/oldsite\/wp-json\/wp\/v2\/posts\/17158\/revisions"}],"wp:featuredmedia":[{"embeddable":true,"href":"https:\/\/comune.santacroce.pi.it\/oldsite\/wp-json\/wp\/v2\/media\/17160"}],"wp:attachment":[{"href":"https:\/\/comune.santacroce.pi.it\/oldsite\/wp-json\/wp\/v2\/media?parent=17158"}],"wp:term":[{"taxonomy":"category","embeddable":true,"href":"https:\/\/comune.santacroce.pi.it\/oldsite\/wp-json\/wp\/v2\/categories?post=17158"},{"taxonomy":"post_tag","embeddable":true,"href":"https:\/\/comune.santacroce.pi.it\/oldsite\/wp-json\/wp\/v2\/tags?post=17158"}],"curies":[{"name":"wp","href":"https:\/\/api.w.org\/{rel}","templated":true}]}}